{"id":10026,"date":"2025-01-13T10:29:38","date_gmt":"2025-01-13T13:29:38","guid":{"rendered":"https:\/\/impactodenoticias.com.ar\/?p=10026"},"modified":"2025-01-13T11:27:46","modified_gmt":"2025-01-13T14:27:46","slug":"intento-esquivar-una-liebre-y-termino-volcaldo-violentamente-con-su-vehiculo-en-la-ruta-42","status":"publish","type":"post","link":"https:\/\/impactodenoticias.com.ar\/?p=10026","title":{"rendered":"Intent\u00f3 esquivar una liebre y termin\u00f3 volcando violentamente con su veh\u00edculo en Ruta 42"},"content":{"rendered":"\n<p class=\"has-medium-font-size\"><strong>Este domingo se registr\u00f3 un siniestro vial en Ruta Provincial 42 en cercan\u00edas a la ciudad de Concepci\u00f3n del Uruguay. Afortunadamente no se reportaron heridos.<\/strong><\/p>\n\n\n\n<p>Un impactante vuelco sucedi\u00f3 cerca de las 10:30, en el kil\u00f3metro 291 de la Ruta 42. El siniestro vial involucr\u00f3 a un autom\u00f3vil marca Chevrolet Cobalt, que circulaba de sur a norte en direcci\u00f3n a la ciudad de Concepci\u00f3n del Uruguay.<\/p>\n\n\n\n<p><\/p>\n\n\n\n<figure class=\"wp-block-image size-full\"><img loading=\"lazy\" decoding=\"async\" width=\"696\" height=\"509\" src=\"https:\/\/impactodenoticias.com.ar\/wp-content\/uploads\/2025\/01\/WhatsApp-Image-2025-01-12-at-18.18.03.webp\" alt=\"\" class=\"wp-image-10027\" srcset=\"https:\/\/impactodenoticias.com.ar\/wp-content\/uploads\/2025\/01\/WhatsApp-Image-2025-01-12-at-18.18.03.webp 696w, https:\/\/impactodenoticias.com.ar\/wp-content\/uploads\/2025\/01\/WhatsApp-Image-2025-01-12-at-18.18.03-300x219.webp 300w\" sizes=\"auto, (max-width: 696px) 100vw, 696px\" \/><\/figure>\n\n\n\n<p><\/p>\n\n\n\n<p>El conductor, un hombre de 32 a\u00f1os, perdi\u00f3 el control del veh\u00edculo tras intentar esquivar una liebre. Afortunadamente no se registraron personas lesionadas ni otros veh\u00edculos involucrados en el incidente.<\/p>\n\n\n\n<p>El hecho no afect\u00f3 el normal tr\u00e1nsito de la Ruta 42. Personal policial trabaj\u00f3 en el lugar y se realizaron las actuaciones correspondientes.<\/p>\n","protected":false},"excerpt":{"rendered":"<p>Este domingo se registr&oacute; un siniestro vial en Ruta Provincial 42 en cercan&iacute;as a la ciudad de Concepci&oacute;n del Uruguay. Afortunadamente no se reportaron heridos. Un impactante vuelco sucedi&oacute; cerca de las 10:30, en el kil&oacute;metro 291 de la Ruta 42. El siniestro vial involucr&oacute; a un autom&oacute;vil marca Chevrolet Cobalt, que circulaba de sur [&hellip;]<\/p>\n","protected":false},"author":2,"featured_media":10028,"comment_status":"open","ping_status":"open","sticky":false,"template":"","format":"standard","meta":{"footnotes":""},"categories":[8,4],"tags":[324,4022,4021,336],"class_list":["post-10026","post","type-post","status-publish","format-standard","has-post-thumbnail","hentry","category-policiales","category-provinciales","tag-concepcion-del-uruguay","tag-liebre","tag-ruta-42","tag-vuelco"],"_links":{"self":[{"href":"https:\/\/impactodenoticias.com.ar\/index.php?rest_route=\/wp\/v2\/posts\/10026","targetHints":{"allow":["GET"]}}],"collection":[{"href":"https:\/\/impactodenoticias.com.ar\/index.php?rest_route=\/wp\/v2\/posts"}],"about":[{"href":"https:\/\/impactodenoticias.com.ar\/index.php?rest_route=\/wp\/v2\/types\/post"}],"author":[{"embeddable":true,"href":"https:\/\/impactodenoticias.com.ar\/index.php?rest_route=\/wp\/v2\/users\/2"}],"replies":[{"embeddable":true,"href":"https:\/\/impactodenoticias.com.ar\/index.php?rest_route=%2Fwp%2Fv2%2Fcomments&post=10026"}],"version-history":[{"count":4,"href":"https:\/\/impactodenoticias.com.ar\/index.php?rest_route=\/wp\/v2\/posts\/10026\/revisions"}],"predecessor-version":[{"id":10044,"href":"https:\/\/impactodenoticias.com.ar\/index.php?rest_route=\/wp\/v2\/posts\/10026\/revisions\/10044"}],"wp:featuredmedia":[{"embeddable":true,"href":"https:\/\/impactodenoticias.com.ar\/index.php?rest_route=\/wp\/v2\/media\/10028"}],"wp:attachment":[{"href":"https:\/\/impactodenoticias.com.ar\/index.php?rest_route=%2Fwp%2Fv2%2Fmedia&parent=10026"}],"wp:term":[{"taxonomy":"category","embeddable":true,"href":"https:\/\/impactodenoticias.com.ar\/index.php?rest_route=%2Fwp%2Fv2%2Fcategories&post=10026"},{"taxonomy":"post_tag","embeddable":true,"href":"https:\/\/impactodenoticias.com.ar\/index.php?rest_route=%2Fwp%2Fv2%2Ftags&post=10026"}],"curies":[{"name":"wp","href":"https:\/\/api.w.org\/{rel}","templated":true}]}}