{"id":10033,"date":"2025-01-13T10:35:52","date_gmt":"2025-01-13T13:35:52","guid":{"rendered":"https:\/\/impactodenoticias.com.ar\/?p=10033"},"modified":"2025-01-13T10:35:54","modified_gmt":"2025-01-13T13:35:54","slug":"el-conductor-de-una-camioneta-volco-camino-al-palacio-san-jose-y-tuvo-que-ser-hospitalizado","status":"publish","type":"post","link":"https:\/\/impactodenoticias.com.ar\/?p=10033","title":{"rendered":"El conductor de una camioneta volc\u00f3 camino al Palacio San Jos\u00e9 y tuvo que ser hospitalizado"},"content":{"rendered":"\n<p class=\"has-medium-font-size\"><strong>Una camioneta Ford Ranger blanca volc\u00f3 camino al Palacio San Jos\u00e9. El accidente vial se produjo este domingo por la tarde, alrededor de las 19:20, en jurisdicci\u00f3n de San Justo, departamento Uruguay.<\/strong><\/p>\n\n\n\n<p><br>El conductor del veh\u00edculo, un hombre de 66 a\u00f1os, en principio fue asistido por personal de seguridad del Palacio, quienes lo ayudaron a salir del rodado. Minutos m\u00e1s tarde, fue trasladado al Hospital Justo Jos\u00e9 de Urquiza.<br><br>Bomberos Voluntarios de San Justo y personal policial de la Comisar\u00eda de San Justo se hicieron presentes en el lugar.<br><br>Posteriormente se inform\u00f3 que no se detectaron fracturas ni lesiones graves, afortunadamente fueron solo algunas excoriaciones. El conductor fue dado de alta.<br><br>El accidente vial no afect\u00f3 a otros veh\u00edculos ni personas, y se contin\u00faa con las actuaciones correspondientes para esclarecer las circunstancias del vuelco.<br><br><\/p>\n","protected":false},"excerpt":{"rendered":"<p>Una camioneta Ford Ranger blanca volc&oacute; camino al Palacio San Jos&eacute;. El accidente vial se produjo este domingo por la tarde, alrededor de las 19:20, en jurisdicci&oacute;n de San Justo, departamento Uruguay. El conductor del veh&iacute;culo, un hombre de 66 a&ntilde;os, en principio fue asistido por personal de seguridad del Palacio, quienes lo ayudaron a [&hellip;]<\/p>\n","protected":false},"author":2,"featured_media":10034,"comment_status":"open","ping_status":"open","sticky":false,"template":"","format":"standard","meta":{"footnotes":""},"categories":[8,4],"tags":[402,4023,4024,336],"class_list":["post-10033","post","type-post","status-publish","format-standard","has-post-thumbnail","hentry","category-policiales","category-provinciales","tag-camioneta","tag-palacio-san-jose","tag-san-justo","tag-vuelco"],"_links":{"self":[{"href":"https:\/\/impactodenoticias.com.ar\/index.php?rest_route=\/wp\/v2\/posts\/10033","targetHints":{"allow":["GET"]}}],"collection":[{"href":"https:\/\/impactodenoticias.com.ar\/index.php?rest_route=\/wp\/v2\/posts"}],"about":[{"href":"https:\/\/impactodenoticias.com.ar\/index.php?rest_route=\/wp\/v2\/types\/post"}],"author":[{"embeddable":true,"href":"https:\/\/impactodenoticias.com.ar\/index.php?rest_route=\/wp\/v2\/users\/2"}],"replies":[{"embeddable":true,"href":"https:\/\/impactodenoticias.com.ar\/index.php?rest_route=%2Fwp%2Fv2%2Fcomments&post=10033"}],"version-history":[{"count":1,"href":"https:\/\/impactodenoticias.com.ar\/index.php?rest_route=\/wp\/v2\/posts\/10033\/revisions"}],"predecessor-version":[{"id":10035,"href":"https:\/\/impactodenoticias.com.ar\/index.php?rest_route=\/wp\/v2\/posts\/10033\/revisions\/10035"}],"wp:featuredmedia":[{"embeddable":true,"href":"https:\/\/impactodenoticias.com.ar\/index.php?rest_route=\/wp\/v2\/media\/10034"}],"wp:attachment":[{"href":"https:\/\/impactodenoticias.com.ar\/index.php?rest_route=%2Fwp%2Fv2%2Fmedia&parent=10033"}],"wp:term":[{"taxonomy":"category","embeddable":true,"href":"https:\/\/impactodenoticias.com.ar\/index.php?rest_route=%2Fwp%2Fv2%2Fcategories&post=10033"},{"taxonomy":"post_tag","embeddable":true,"href":"https:\/\/impactodenoticias.com.ar\/index.php?rest_route=%2Fwp%2Fv2%2Ftags&post=10033"}],"curies":[{"name":"wp","href":"https:\/\/api.w.org\/{rel}","templated":true}]}}