{"id":1004,"date":"2024-07-10T09:17:30","date_gmt":"2024-07-10T12:17:30","guid":{"rendered":"https:\/\/impactodenoticias.com.ar\/?p=1004"},"modified":"2024-07-10T09:17:31","modified_gmt":"2024-07-10T12:17:31","slug":"desaparicion-de-loan-el-poder-correntino-en-la-mira-de-la-justicia-federal","status":"publish","type":"post","link":"https:\/\/impactodenoticias.com.ar\/?p=1004","title":{"rendered":"Desaparici\u00f3n de Loan: el poder correntino en la mira de la Justicia Federal"},"content":{"rendered":"\n<p><strong>Este mi\u00e9rcoles se cumplen 27 d\u00edas de la \u00faltima vez que vieron al ni\u00f1o de 5 a\u00f1os en 9 de Julio, Corrientes. La jueza a cargo de la causa abri\u00f3 una investigaci\u00f3n paralela por amenazas contra Laudelina Pe\u00f1a.<\/strong><\/p>\n\n\n\n<p>A pocos d\u00edas que se cumpla un mes de la desaparici\u00f3n de Loan Danilo Pe\u00f1a, el nene de 5 a\u00f1os que fue visto por \u00faltima vez en Corrientes el pasado 13 de junio, contin\u00faa el misterio sobre su paradero.<\/p>\n\n\n\n<p>La primera versi\u00f3n del caso se\u00f1alaba que se hab\u00eda perdido en el campo de la casa de su abuela Catalina cuando fue a recolectar naranjas con sus familiares. El paso de los d\u00edas debilit\u00f3 esa versi\u00f3n y ahora se baraja que haya sido v\u00edctima de un secuestro.<\/p>\n\n\n\n<p>Actualmente los detenidos por la desaparici\u00f3n de Loan son Antonio Ben\u00edtez (el t\u00edo); Daniel \u201cFierrito\u201d Ram\u00edrez y M\u00f3nica Millapi (una pareja amiga del t\u00edo); Carlos P\u00e9rez y Mar\u00eda Victoria Caillava (el matrimonio conformado por el capit\u00e1n de nav\u00edo retirado y la ex funcionaria municipal); Walter Maciel (el comisario que intervino en la investigaci\u00f3n en un principio) y Laudelina Pe\u00f1a (la t\u00eda).<\/p>\n\n\n\n<p>El abogado Fernando Burlando, quien representa a la familia de Loan Danilo Pe\u00f1a, el nene que permanece desaparecido en Corrientes hace ya 27 d\u00edas, pidi\u00f3 la detenci\u00f3n del abogado de Laudelina, la t\u00eda del menor que permanece detenida en Ezeiza.<\/p>\n\n\n\n<p>Macarena, la hija de Laudelina, hab\u00eda acusado al abogado Jos\u00e9 Fern\u00e1ndez Codazzi de haber presionado a su mam\u00e1 para que declare que Loan hab\u00eda sido atropellado e involucrar al matrimonio integrado por Mar\u00eda Victoria Caillava y Carlos P\u00e9rez. A cambio, seg\u00fan la joven, el letrado les habr\u00eda ofrecido recompensas econ\u00f3micas.<\/p>\n\n\n\n<p>Tras la acusaci\u00f3n de Macarena, Burlando solicit\u00f3 la detenci\u00f3n de Fern\u00e1ndez Codazzi.<\/p>\n\n\n\n<p>Fernando Burlando y su colega Gustavo Briend solicitaron nuevas medidas que consideran indispensables para colectar y conservar la prueba necesaria en el caso.<\/p>\n\n\n\n<p>En un escrito presentado a la jueza federal Cristina Elizabeth Pozzer Penzo solicitaron que se arme un comit\u00e9 de b\u00fasqueda para redoblarse los esfuerzos para dar con el actual paradero del peque\u00f1o, entre otras cuestiones.<\/p>\n\n\n\n<p>El duro mensane de Miguel \u00c1ngel Pierri<\/p>\n\n\n\n<p>El abogado Miguel \u00c1ngel Pierri es el defensor del comisario de 9 de Julio Walter Maciel, uno de los detenidos por la desaparici\u00f3n de Loan Danilo Pe\u00f1a, y esta ma\u00f1ana public\u00f3 un contundente mensaje en sus redes sociales.<\/p>\n\n\n\n<p><\/p>\n\n\n\n<blockquote class=\"twitter-tweet\"><p lang=\"es\" dir=\"ltr\"><a href=\"https:\/\/twitter.com\/hashtag\/loan?src=hash&amp;ref_src=twsrc%5Etfw\">#loan<\/a> Su vida corre alt\u00edsimo peligro, porque aquellos irresponsables opinologos de causas ajena no se llaman a silencio?.No se puede ser figuretti, corre serio riesgo una vida. Miserables, arrastrados, f\u00fanebreros de la abogac\u00eda. Mueren por una c\u00e1mara. Abran la heladera y hablen.<\/p>&mdash; Miguel \u00c1ngel Pierri (@miguepierri) <a href=\"https:\/\/twitter.com\/miguepierri\/status\/1810953141963145581?ref_src=twsrc%5Etfw\">July 10, 2024<\/a><\/blockquote> <script async src=\"https:\/\/platform.twitter.com\/widgets.js\" charset=\"utf-8\"><\/script>\n\n\n\n<p><\/p>\n\n\n\n<p>\u00ab#Loan Su vida corre alt\u00edsimo peligro, porque aquellos irresponsables opin\u00f3logos de causas ajenas no se llaman a silencio? No se puede ser figuretti, corre serio riesgo una vida. Miserables, arrastrados, f\u00fanebreros de la abogac\u00eda. Mueren por una c\u00e1mara. Abran la heladera y hablen\u00bb, public\u00f3 el letrado en la red social X.<\/p>\n","protected":false},"excerpt":{"rendered":"<p>Este mi&eacute;rcoles se cumplen 27 d&iacute;as de la &uacute;ltima vez que vieron al ni&ntilde;o de 5 a&ntilde;os en 9 de Julio, Corrientes. La jueza a cargo de la causa abri&oacute; una investigaci&oacute;n paralela por amenazas contra Laudelina Pe&ntilde;a. A pocos d&iacute;as que se cumpla un mes de la desaparici&oacute;n de Loan Danilo Pe&ntilde;a, el nene [&hellip;]<\/p>\n","protected":false},"author":2,"featured_media":1005,"comment_status":"open","ping_status":"open","sticky":false,"template":"","format":"standard","meta":{"footnotes":""},"categories":[90,10,8],"tags":[478,477,180,475,481,473,250,472,474,479,476,480],"class_list":["post-1004","post","type-post","status-publish","format-standard","has-post-thumbnail","hentry","category-judicial","category-nacionales","category-policiales","tag-carlos-perez","tag-carlos-perezc","tag-corrientes","tag-fernando-burlando","tag-jose-fernandez-codazzi","tag-justicia-federal","tag-laudelina","tag-loan-pena","tag-macarena","tag-maria-victoria-caillava","tag-miguel-angel-pierri","tag-walter-maciel"],"_links":{"self":[{"href":"https:\/\/impactodenoticias.com.ar\/index.php?rest_route=\/wp\/v2\/posts\/1004","targetHints":{"allow":["GET"]}}],"collection":[{"href":"https:\/\/impactodenoticias.com.ar\/index.php?rest_route=\/wp\/v2\/posts"}],"about":[{"href":"https:\/\/impactodenoticias.com.ar\/index.php?rest_route=\/wp\/v2\/types\/post"}],"author":[{"embeddable":true,"href":"https:\/\/impactodenoticias.com.ar\/index.php?rest_route=\/wp\/v2\/users\/2"}],"replies":[{"embeddable":true,"href":"https:\/\/impactodenoticias.com.ar\/index.php?rest_route=%2Fwp%2Fv2%2Fcomments&post=1004"}],"version-history":[{"count":1,"href":"https:\/\/impactodenoticias.com.ar\/index.php?rest_route=\/wp\/v2\/posts\/1004\/revisions"}],"predecessor-version":[{"id":1006,"href":"https:\/\/impactodenoticias.com.ar\/index.php?rest_route=\/wp\/v2\/posts\/1004\/revisions\/1006"}],"wp:featuredmedia":[{"embeddable":true,"href":"https:\/\/impactodenoticias.com.ar\/index.php?rest_route=\/wp\/v2\/media\/1005"}],"wp:attachment":[{"href":"https:\/\/impactodenoticias.com.ar\/index.php?rest_route=%2Fwp%2Fv2%2Fmedia&parent=1004"}],"wp:term":[{"taxonomy":"category","embeddable":true,"href":"https:\/\/impactodenoticias.com.ar\/index.php?rest_route=%2Fwp%2Fv2%2Fcategories&post=1004"},{"taxonomy":"post_tag","embeddable":true,"href":"https:\/\/impactodenoticias.com.ar\/index.php?rest_route=%2Fwp%2Fv2%2Ftags&post=1004"}],"curies":[{"name":"wp","href":"https:\/\/api.w.org\/{rel}","templated":true}]}}