{"id":10153,"date":"2025-01-16T08:41:31","date_gmt":"2025-01-16T11:41:31","guid":{"rendered":"https:\/\/impactodenoticias.com.ar\/?p=10153"},"modified":"2025-01-16T08:41:31","modified_gmt":"2025-01-16T11:41:31","slug":"hallaron-el-cuerpo-del-adolescente-que-desaparecio-en-el-arroyo-feliciano","status":"publish","type":"post","link":"https:\/\/impactodenoticias.com.ar\/?p=10153","title":{"rendered":"Hallaron el cuerpo del adolescente que desapareci\u00f3 en el arroyo Feliciano"},"content":{"rendered":"\n<h2 class=\"wp-block-heading\">Un grave incidente se produjo en la zona de \u00abDel Carmen\u00bb en el arroyo Feliciano, cuando un adolescente de 16 a\u00f1os desapareci\u00f3 mientras nadaba con amigosm en el arroyo de la zona.<\/h2>\n\n\n\n<p>Los buzos t\u00e1cticos de la Polic\u00eda de Entre R\u00edos localizaron el cuerpo del adolescente de 16 a\u00f1os que hab\u00eda desaparecido en horas de la siesta del mi\u00e9rcoles en el arroyo Feliciano.<\/p>\n\n\n\n<p>El adolescente hab\u00eda llegado junto a un grupo de amigos a pescar cuando decidieron meterse al agua en la zona conocida como \u201cDel Carmen\u201d.<\/p>\n\n\n\n<p>El joven fue identificado como Alejandro Saucedo, de 16 a\u00f1os. Al momento de desparecer estaba nadando en el cauce de agua y desapareci\u00f3 de la superficie luego de pedir auxilio a sus amigos.<\/p>\n\n\n\n<p>El caso qued\u00f3 en manos de fiscal\u00eda que por cuestiones de rigor dispuso que se practique la autopsia.<\/p>\n\n\n\n<p>Los amigos del joven contaron a los efectivos de la comisar\u00eda de San Gustavo que \u201cescuchamos que Alejando gritaba que se ahogaba\u201d, y se\u00f1alaron que al tratar de ayudarlo desapareci\u00f3.<\/p>\n\n\n\n<p>Esta es la primera persona que se ahoga en lo que va del a\u00f1o, sin embargo los casos son menores respecto a\u00f1os anteriores.<\/p>\n\n\n\n<p>Intervienen en el caso comisar\u00eda N\u00b0 21 de San Gustavo.<\/p>\n","protected":false},"excerpt":{"rendered":"<p>Un grave incidente se produjo en la zona de &laquo;Del Carmen&raquo; en el arroyo Feliciano, cuando un adolescente de 16 a&ntilde;os desapareci&oacute; mientras nadaba con amigosm en el arroyo de la zona. Los buzos t&aacute;cticos de la Polic&iacute;a de Entre R&iacute;os localizaron el cuerpo del adolescente de 16 a&ntilde;os que hab&iacute;a desaparecido en horas de [&hellip;]<\/p>\n","protected":false},"author":2,"featured_media":10154,"comment_status":"open","ping_status":"open","sticky":false,"template":"","format":"standard","meta":{"footnotes":""},"categories":[8,4],"tags":[564,4047,4046,260,576],"class_list":["post-10153","post","type-post","status-publish","format-standard","has-post-thumbnail","hentry","category-policiales","category-provinciales","tag-adolescente","tag-alejandro-saucedo","tag-arroyo-feliciano","tag-cuerpo","tag-hallazgo"],"_links":{"self":[{"href":"https:\/\/impactodenoticias.com.ar\/index.php?rest_route=\/wp\/v2\/posts\/10153","targetHints":{"allow":["GET"]}}],"collection":[{"href":"https:\/\/impactodenoticias.com.ar\/index.php?rest_route=\/wp\/v2\/posts"}],"about":[{"href":"https:\/\/impactodenoticias.com.ar\/index.php?rest_route=\/wp\/v2\/types\/post"}],"author":[{"embeddable":true,"href":"https:\/\/impactodenoticias.com.ar\/index.php?rest_route=\/wp\/v2\/users\/2"}],"replies":[{"embeddable":true,"href":"https:\/\/impactodenoticias.com.ar\/index.php?rest_route=%2Fwp%2Fv2%2Fcomments&post=10153"}],"version-history":[{"count":1,"href":"https:\/\/impactodenoticias.com.ar\/index.php?rest_route=\/wp\/v2\/posts\/10153\/revisions"}],"predecessor-version":[{"id":10155,"href":"https:\/\/impactodenoticias.com.ar\/index.php?rest_route=\/wp\/v2\/posts\/10153\/revisions\/10155"}],"wp:featuredmedia":[{"embeddable":true,"href":"https:\/\/impactodenoticias.com.ar\/index.php?rest_route=\/wp\/v2\/media\/10154"}],"wp:attachment":[{"href":"https:\/\/impactodenoticias.com.ar\/index.php?rest_route=%2Fwp%2Fv2%2Fmedia&parent=10153"}],"wp:term":[{"taxonomy":"category","embeddable":true,"href":"https:\/\/impactodenoticias.com.ar\/index.php?rest_route=%2Fwp%2Fv2%2Fcategories&post=10153"},{"taxonomy":"post_tag","embeddable":true,"href":"https:\/\/impactodenoticias.com.ar\/index.php?rest_route=%2Fwp%2Fv2%2Ftags&post=10153"}],"curies":[{"name":"wp","href":"https:\/\/api.w.org\/{rel}","templated":true}]}}