{"id":10160,"date":"2025-01-16T16:31:39","date_gmt":"2025-01-16T19:31:39","guid":{"rendered":"https:\/\/impactodenoticias.com.ar\/?p=10160"},"modified":"2025-01-18T09:32:17","modified_gmt":"2025-01-18T12:32:17","slug":"repudiable-decision-de-mauricio-davico-retiro-un-mural-sobre-personas-desaparecidas-de-un-edificio-municipal","status":"publish","type":"post","link":"https:\/\/impactodenoticias.com.ar\/?p=10160","title":{"rendered":"Repudiable decisi\u00f3n de Mauricio Davico: retir\u00f3 un mural sobre personas desaparecidas de un edificio municipal"},"content":{"rendered":"\n<h2 class=\"wp-block-heading\">La Asociaci\u00f3n Madres de Plaza de Mayo Gualeguaych\u00fa y el bloque de concejales del Partido Justicialista, se manifestaron en contra de la decisi\u00f3n del intendente Mauricio Davico de quitar del Sal\u00f3n de la Memoria de la municipalidad un mural aleg\u00f3rico de la artista Marta Pardo.<\/h2>\n\n\n\n<p>A trav\u00e9s de sendos comunicados, la Asociaci\u00f3n Madres de Plaza de Mayo Gualeguaych\u00fa y el bloque de concejales del Partido Justicialista, respectivamente, se expresaron en contra de la decisi\u00f3n del intendente Mauricio Davico de quitar del Sal\u00f3n de la Memoria de la municipalidad un mural aleg\u00f3rico de la artista Marta Pardo.<\/p>\n\n\n\n<p>Madres de Plaza de Mayo se\u00f1al\u00f3 que lo que se busca con ello es no dejar rastros de esta obra que recordaba a los desaparecidos en la ciudad. \u00abCon este acto, que se suma a lo realizado por la intendencia con el cierre de la Direcci\u00f3n de Derechos Humanos y el del Museo de la Memoria Popular, se pretende borrar y hacer desaparecer nuevamente a nuestros queridos coterr\u00e1neos que sufrieron tortura y muerte a manos de los militares que usurparon el poder de nuestra Rep\u00fablica en 1976, usurpaci\u00f3n que dur\u00f3 hasta 1983\u00bb, se denunci\u00f3.<\/p>\n\n\n\n<p>\u00abEl gobierno puede borrar murales, cerrar museos y mancillar la memoria, pero el pueblo, a trav\u00e9s de obras art\u00edsticas y de otros medios, no ha dejado de expresar su identidad, su historia para conservar la memoria de hechos que el gobierno pretende, de una manera u otra, hacer desaparecer\u00bb, agregaron desde la entidad.<\/p>\n\n\n\n<p>Mientras que los ediles opositores consideraron que \u00abesta acci\u00f3n, realizada sin previo aviso ni justificaci\u00f3n p\u00fablica, constituye un acto de intolerable desprecio hacia las v\u00edctimas de la dictadura c\u00edvico-militar y un intento burdo de manipulaci\u00f3n de nuestra historia\u00bb.<\/p>\n\n\n\n<p>\u00abTapar un mural que simboliza la lucha por la memoria, la justicia y los derechos humanos, es un acto de cobard\u00eda pol\u00edtica que busca silenciar una parte fundamental del pasado de Gualeguaych\u00fa\u00bb, expresaron y, adem\u00e1s entienden que \u00abel cambio de nombre del \u00abSal\u00f3n de la Memoria\u00bb a \u00abSal\u00f3n Azul\u00bb, en el mismo contexto, \u00abes una maniobra grotesca que pretende borrar d\u00e9cadas de lucha y sufrimiento\u00bb.<\/p>\n\n\n\n<p>\u00abNo se trata solo de un mural, sino de un s\u00edmbolo que representa la memoria colectiva y el compromiso con la defensa de los derechos humanos. Esta acci\u00f3n revela una preocupante falta de sensibilidad y un desprecio hacia la historia de nuestro pueblo\u00bb, finalizaron.<\/p>\n\n\n\n<p>Por su parte la bancada justicialista fue m\u00e1s all\u00e1 que Madres de Plaza de Mayo y le exigi\u00f3 p\u00fablicamente al intendente Davico \u00abuna explicaci\u00f3n p\u00fablica sobre esta acci\u00f3n\u00bb.<\/p>\n","protected":false},"excerpt":{"rendered":"<p>La Asociaci&oacute;n Madres de Plaza de Mayo Gualeguaych&uacute; y el bloque de concejales del Partido Justicialista, se manifestaron en contra de la decisi&oacute;n del intendente Mauricio Davico de quitar del Sal&oacute;n de la Memoria de la municipalidad un mural aleg&oacute;rico de la artista Marta Pardo. A trav&eacute;s de sendos comunicados, la Asociaci&oacute;n Madres de Plaza [&hellip;]<\/p>\n","protected":false},"author":2,"featured_media":10161,"comment_status":"open","ping_status":"open","sticky":false,"template":"","format":"standard","meta":{"footnotes":""},"categories":[11,4,49],"tags":[4048,4050,280,4049,1059,102,2733,2210],"class_list":["post-10160","post","type-post","status-publish","format-standard","has-post-thumbnail","hentry","category-politica","category-provinciales","category-sociedad","tag-alegorico","tag-desaparecidos","tag-gualeguaychu","tag-marta-pardo","tag-mauricio-davico","tag-municipalidad","tag-mural","tag-retiro"],"_links":{"self":[{"href":"https:\/\/impactodenoticias.com.ar\/index.php?rest_route=\/wp\/v2\/posts\/10160","targetHints":{"allow":["GET"]}}],"collection":[{"href":"https:\/\/impactodenoticias.com.ar\/index.php?rest_route=\/wp\/v2\/posts"}],"about":[{"href":"https:\/\/impactodenoticias.com.ar\/index.php?rest_route=\/wp\/v2\/types\/post"}],"author":[{"embeddable":true,"href":"https:\/\/impactodenoticias.com.ar\/index.php?rest_route=\/wp\/v2\/users\/2"}],"replies":[{"embeddable":true,"href":"https:\/\/impactodenoticias.com.ar\/index.php?rest_route=%2Fwp%2Fv2%2Fcomments&post=10160"}],"version-history":[{"count":1,"href":"https:\/\/impactodenoticias.com.ar\/index.php?rest_route=\/wp\/v2\/posts\/10160\/revisions"}],"predecessor-version":[{"id":10162,"href":"https:\/\/impactodenoticias.com.ar\/index.php?rest_route=\/wp\/v2\/posts\/10160\/revisions\/10162"}],"wp:featuredmedia":[{"embeddable":true,"href":"https:\/\/impactodenoticias.com.ar\/index.php?rest_route=\/wp\/v2\/media\/10161"}],"wp:attachment":[{"href":"https:\/\/impactodenoticias.com.ar\/index.php?rest_route=%2Fwp%2Fv2%2Fmedia&parent=10160"}],"wp:term":[{"taxonomy":"category","embeddable":true,"href":"https:\/\/impactodenoticias.com.ar\/index.php?rest_route=%2Fwp%2Fv2%2Fcategories&post=10160"},{"taxonomy":"post_tag","embeddable":true,"href":"https:\/\/impactodenoticias.com.ar\/index.php?rest_route=%2Fwp%2Fv2%2Ftags&post=10160"}],"curies":[{"name":"wp","href":"https:\/\/api.w.org\/{rel}","templated":true}]}}