{"id":10168,"date":"2025-01-17T10:32:01","date_gmt":"2025-01-17T13:32:01","guid":{"rendered":"https:\/\/impactodenoticias.com.ar\/?p=10168"},"modified":"2025-01-17T10:32:01","modified_gmt":"2025-01-17T13:32:01","slug":"tragedia-en-chajari-una-nina-de-2-anos-murio-atropellada-accidentalmente-por-su-padre","status":"publish","type":"post","link":"https:\/\/impactodenoticias.com.ar\/?p=10168","title":{"rendered":"Tragedia en Chajar\u00ed: una ni\u00f1a de 2 a\u00f1os muri\u00f3 atropellada accidentalmente por su padre"},"content":{"rendered":"\n<h2 class=\"wp-block-heading\">La ni\u00f1a falleci\u00f3 a ra\u00edz de las graves heridas que le provocaron la colisi\u00f3n. Fue derivada de urgencia pero lamentablemente no pudo ser salvada.<\/h2>\n\n\n\n<p>Muri\u00f3 una ni\u00f1a de 2 a\u00f1os este jueves en Chajar\u00ed tras ser atropellada por su padre. Seg\u00fan se inform\u00f3 a IMPACTO DE NOTICIAS la primera hip\u00f3tesis es que se trat\u00f3 de un hecho accidental, ya que la colisi\u00f3n ocurri\u00f3 cuando el padre realizaba marcha atr\u00e1s.<\/p>\n\n\n\n<p>El tr\u00e1gico hecho se produjo cerca de las 21, en calle Cavallaro al 500. La ni\u00f1a sali\u00f3 de su casa para recibir a su padre que regresaba de trabaja cuando fue impactada por un tr\u00e1iler que le provoc\u00f3 graves heridas y oblig\u00f3 a su derivaci\u00f3n urgente hacia el hospital local.<\/p>\n\n\n\n<p>Debido a la gravedad de las lesiones, fue trasladada hacia Concordia, para recibir una atenci\u00f3n m\u00e9dica debido a la complejidad de su cuadro pero, lamentablemente, lleg\u00f3 sin vida. La investigaci\u00f3n qued\u00f3 en manos de la fiscal Carolina Ezpeleta.<\/p>\n","protected":false},"excerpt":{"rendered":"<p>La ni&ntilde;a falleci&oacute; a ra&iacute;z de las graves heridas que le provocaron la colisi&oacute;n. Fue derivada de urgencia pero lamentablemente no pudo ser salvada. Muri&oacute; una ni&ntilde;a de 2 a&ntilde;os este jueves en Chajar&iacute; tras ser atropellada por su padre. Seg&uacute;n se inform&oacute; a IMPACTO DE NOTICIAS la primera hip&oacute;tesis es que se trat&oacute; de [&hellip;]<\/p>\n","protected":false},"author":2,"featured_media":10169,"comment_status":"open","ping_status":"open","sticky":false,"template":"","format":"standard","meta":{"footnotes":""},"categories":[8,4],"tags":[120,507,211,640,666,2285],"class_list":["post-10168","post","type-post","status-publish","format-standard","has-post-thumbnail","hentry","category-policiales","category-provinciales","tag-accidente","tag-auto","tag-chajari","tag-muere","tag-nina","tag-padre"],"_links":{"self":[{"href":"https:\/\/impactodenoticias.com.ar\/index.php?rest_route=\/wp\/v2\/posts\/10168","targetHints":{"allow":["GET"]}}],"collection":[{"href":"https:\/\/impactodenoticias.com.ar\/index.php?rest_route=\/wp\/v2\/posts"}],"about":[{"href":"https:\/\/impactodenoticias.com.ar\/index.php?rest_route=\/wp\/v2\/types\/post"}],"author":[{"embeddable":true,"href":"https:\/\/impactodenoticias.com.ar\/index.php?rest_route=\/wp\/v2\/users\/2"}],"replies":[{"embeddable":true,"href":"https:\/\/impactodenoticias.com.ar\/index.php?rest_route=%2Fwp%2Fv2%2Fcomments&post=10168"}],"version-history":[{"count":1,"href":"https:\/\/impactodenoticias.com.ar\/index.php?rest_route=\/wp\/v2\/posts\/10168\/revisions"}],"predecessor-version":[{"id":10170,"href":"https:\/\/impactodenoticias.com.ar\/index.php?rest_route=\/wp\/v2\/posts\/10168\/revisions\/10170"}],"wp:featuredmedia":[{"embeddable":true,"href":"https:\/\/impactodenoticias.com.ar\/index.php?rest_route=\/wp\/v2\/media\/10169"}],"wp:attachment":[{"href":"https:\/\/impactodenoticias.com.ar\/index.php?rest_route=%2Fwp%2Fv2%2Fmedia&parent=10168"}],"wp:term":[{"taxonomy":"category","embeddable":true,"href":"https:\/\/impactodenoticias.com.ar\/index.php?rest_route=%2Fwp%2Fv2%2Fcategories&post=10168"},{"taxonomy":"post_tag","embeddable":true,"href":"https:\/\/impactodenoticias.com.ar\/index.php?rest_route=%2Fwp%2Fv2%2Ftags&post=10168"}],"curies":[{"name":"wp","href":"https:\/\/api.w.org\/{rel}","templated":true}]}}