{"id":10171,"date":"2025-01-17T10:37:36","date_gmt":"2025-01-17T13:37:36","guid":{"rendered":"https:\/\/impactodenoticias.com.ar\/?p=10171"},"modified":"2025-01-18T09:33:00","modified_gmt":"2025-01-18T12:33:00","slug":"vecinos-del-barrio-la-floresta-cortaron-la-calle-para-reclamar-por-la-falta-de-agua-en-parana","status":"publish","type":"post","link":"https:\/\/impactodenoticias.com.ar\/?p=10171","title":{"rendered":"Vecinos del barrio La Floresta cortaron la calle para reclamar por la falta de agua en Paran\u00e1"},"content":{"rendered":"\n<p class=\"has-medium-font-size\"><strong>Vecinos de barrio Ant\u00e1rtida y La Floresta, cansados tras varios d\u00edas con falta de agua, decidieron cortar la calle y quemar cubiertas este viernes de ma\u00f1ana.<\/strong><\/p>\n\n\n\n<p>Vecinos de barrio Ant\u00e1rtida y La Floresta de Paran\u00e1 resolvieron cortar la calle este viernes de ma\u00f1ana para reclamar tras varios d\u00edas sin el vital elemento y que se da adem\u00e1s en medio de la ola de calor.<\/p>\n\n\n\n<p>El corte de calles se produjo en la intersecci\u00f3n de Ameghino y Rep\u00fablica de Siria. Hasta all\u00ed llegaron con carteles, cortaron el tr\u00e1nsito y quemaron cubiertas.<\/p>\n\n\n\n<p>La situaci\u00f3n provoc\u00f3 dificultades en el tr\u00e1nsito y, adem\u00e1s, gener\u00f3 la r\u00e1pida intervenci\u00f3n del personal policial que solicit\u00f3 despejar la v\u00eda p\u00fablica.<\/p>\n\n\n\n<p>Cabe destacar que la zona de San Agust\u00edn y otros barrios de la ciudad se ven afectados por la baja presi\u00f3n y la falta de servicio de agua potable.<\/p>\n\n\n\n<p>La situaci\u00f3n escal\u00f3 en la \u00faltima semana debido al importante aumento de la demanda del vital elemento por el incremento de temperaturas, que el jueves llegaron a los 38 grados.<\/p>\n","protected":false},"excerpt":{"rendered":"<p>Vecinos de barrio Ant&aacute;rtida y La Floresta, cansados tras varios d&iacute;as con falta de agua, decidieron cortar la calle y quemar cubiertas este viernes de ma&ntilde;ana. Vecinos de barrio Ant&aacute;rtida y La Floresta de Paran&aacute; resolvieron cortar la calle este viernes de ma&ntilde;ana para reclamar tras varios d&iacute;as sin el vital elemento y que se [&hellip;]<\/p>\n","protected":false},"author":2,"featured_media":10172,"comment_status":"open","ping_status":"open","sticky":false,"template":"","format":"standard","meta":{"footnotes":""},"categories":[3,1902,49],"tags":[878,4054,236,882,2436,4053,95,496],"class_list":["post-10171","post","type-post","status-publish","format-standard","has-post-thumbnail","hentry","category-locales","category-municipales","category-sociedad","tag-agua","tag-antartida","tag-calle","tag-corte","tag-falta","tag-la-floresta","tag-parana","tag-vecinos"],"_links":{"self":[{"href":"https:\/\/impactodenoticias.com.ar\/index.php?rest_route=\/wp\/v2\/posts\/10171","targetHints":{"allow":["GET"]}}],"collection":[{"href":"https:\/\/impactodenoticias.com.ar\/index.php?rest_route=\/wp\/v2\/posts"}],"about":[{"href":"https:\/\/impactodenoticias.com.ar\/index.php?rest_route=\/wp\/v2\/types\/post"}],"author":[{"embeddable":true,"href":"https:\/\/impactodenoticias.com.ar\/index.php?rest_route=\/wp\/v2\/users\/2"}],"replies":[{"embeddable":true,"href":"https:\/\/impactodenoticias.com.ar\/index.php?rest_route=%2Fwp%2Fv2%2Fcomments&post=10171"}],"version-history":[{"count":1,"href":"https:\/\/impactodenoticias.com.ar\/index.php?rest_route=\/wp\/v2\/posts\/10171\/revisions"}],"predecessor-version":[{"id":10173,"href":"https:\/\/impactodenoticias.com.ar\/index.php?rest_route=\/wp\/v2\/posts\/10171\/revisions\/10173"}],"wp:featuredmedia":[{"embeddable":true,"href":"https:\/\/impactodenoticias.com.ar\/index.php?rest_route=\/wp\/v2\/media\/10172"}],"wp:attachment":[{"href":"https:\/\/impactodenoticias.com.ar\/index.php?rest_route=%2Fwp%2Fv2%2Fmedia&parent=10171"}],"wp:term":[{"taxonomy":"category","embeddable":true,"href":"https:\/\/impactodenoticias.com.ar\/index.php?rest_route=%2Fwp%2Fv2%2Fcategories&post=10171"},{"taxonomy":"post_tag","embeddable":true,"href":"https:\/\/impactodenoticias.com.ar\/index.php?rest_route=%2Fwp%2Fv2%2Ftags&post=10171"}],"curies":[{"name":"wp","href":"https:\/\/api.w.org\/{rel}","templated":true}]}}