{"id":10186,"date":"2025-01-17T12:19:08","date_gmt":"2025-01-17T15:19:08","guid":{"rendered":"https:\/\/impactodenoticias.com.ar\/?p=10186"},"modified":"2025-01-18T09:32:07","modified_gmt":"2025-01-18T12:32:07","slug":"designaron-a-un-coordinador-de-boleto-electronico","status":"publish","type":"post","link":"https:\/\/impactodenoticias.com.ar\/?p=10186","title":{"rendered":"Designaron a un coordinador de Boleto Electr\u00f3nico"},"content":{"rendered":"\n<h2 class=\"wp-block-heading\">Una de las funciones ser\u00e1 coordinar con los municipios los distintos tipos de boletos y compensaciones. Adem\u00e1s estar\u00e1 encargado de habilitar puntos de carga y terminales autom\u00e1ticas. El cargo ser\u00e1 ejercido por Juli\u00e1n Zorn, quien ven\u00eda desempe\u00f1\u00e1ndose como director de SUBE en Paran\u00e1.<\/h2>\n\n\n\n<p>El Gobierno provincial cre\u00f3 una Coordinaci\u00f3n de Boleto Electr\u00f3nico, dependiente de la Secretar\u00eda de Transporte, y design\u00f3 a Juli\u00e1n Zorn como coordinador. Lo hizo por medio del decreto N\u00b03812\/24 del Ministerio de Planeamiento y Servicios, fechado el 18 de diciembre de 2024 y publicado en el Bolet\u00edn Oficial del 14 de enero de 2025.<\/p>\n\n\n\n<p>Algunos de las tareas ser\u00e1 la de \u00abconformar una coordinaci\u00f3n que administre los sistemas de boleto electr\u00f3nicos a nivel provincial\u00bb; \u00abcoordinar con municipios distintos tipos de boletos y compensaciones\u00bb; y \u00abconformar puntos de atenci\u00f3n a usuarios, realizar operativos m\u00f3viles, habilitar puntos de carga y terminales autom\u00e1ticas\u00bb.<\/p>\n\n\n\n<p>Previamente a ser nombrado Coordinador de Boleto Electr\u00f3nico en la provincia, Zorn cumpl\u00eda funciones en la Municipalidad de Paran\u00e1, como titular de la unidad de gesti\u00f3n del sistema SUBE.<\/p>\n\n\n\n<p>\u00abEn la provincia de Entre R\u00edos, muchas de sus principales ciudades han realizado convenios con Naci\u00f3n Servicios S.A. para la implementaci\u00f3n del sistema SUBE en su servicio de Transporte P\u00fablico de Pasajeros: Paran\u00e1 (\u00e1rea metropolitana), Concordia, Gualeguaych\u00fa, La Paz y Chajar\u00ed. Contar con un organismo de potestad provincial permite la constante comunicaci\u00f3n e intercambio de datos con estas localidades y una mayor facilidad de gesti\u00f3n entre los mismos y Naci\u00f3n Servicios S.A.; y\/o el Sistema Boleto Electr\u00f3nico utilizado, en un mismo ente de control\u00bb, se se\u00f1ala en el decreto N\u00b0 3812.<\/p>\n\n\n\n<p>Y se destaca adem\u00e1s que \u00abla creaci\u00f3n de una Coordinaci\u00f3n Provincial de Boleto Electr\u00f3nico, permitir\u00eda brindar abordajes, soluciones a problemas y sistemas de compensaci\u00f3n de boletos tanto a los grandes centros urbanos, como as\u00ed tambi\u00e9n en el resto de las ciudades de Entre R\u00edos que tengan implementado un sistema de transporte\u00bb.<\/p>\n","protected":false},"excerpt":{"rendered":"<p>Una de las funciones ser&aacute; coordinar con los municipios los distintos tipos de boletos y compensaciones. Adem&aacute;s estar&aacute; encargado de habilitar puntos de carga y terminales autom&aacute;ticas. El cargo ser&aacute; ejercido por Juli&aacute;n Zorn, quien ven&iacute;a desempe&ntilde;&aacute;ndose como director de SUBE en Paran&aacute;. El Gobierno provincial cre&oacute; una Coordinaci&oacute;n de Boleto Electr&oacute;nico, dependiente de la [&hellip;]<\/p>\n","protected":false},"author":2,"featured_media":10187,"comment_status":"open","ping_status":"open","sticky":false,"template":"","format":"standard","meta":{"footnotes":""},"categories":[11,4],"tags":[1357,4059,4060,33,4061,988],"class_list":["post-10186","post","type-post","status-publish","format-standard","has-post-thumbnail","hentry","category-politica","category-provinciales","tag-boleto","tag-coordinador","tag-electronico","tag-entre-rios","tag-julian-zorn","tag-sube"],"_links":{"self":[{"href":"https:\/\/impactodenoticias.com.ar\/index.php?rest_route=\/wp\/v2\/posts\/10186","targetHints":{"allow":["GET"]}}],"collection":[{"href":"https:\/\/impactodenoticias.com.ar\/index.php?rest_route=\/wp\/v2\/posts"}],"about":[{"href":"https:\/\/impactodenoticias.com.ar\/index.php?rest_route=\/wp\/v2\/types\/post"}],"author":[{"embeddable":true,"href":"https:\/\/impactodenoticias.com.ar\/index.php?rest_route=\/wp\/v2\/users\/2"}],"replies":[{"embeddable":true,"href":"https:\/\/impactodenoticias.com.ar\/index.php?rest_route=%2Fwp%2Fv2%2Fcomments&post=10186"}],"version-history":[{"count":1,"href":"https:\/\/impactodenoticias.com.ar\/index.php?rest_route=\/wp\/v2\/posts\/10186\/revisions"}],"predecessor-version":[{"id":10188,"href":"https:\/\/impactodenoticias.com.ar\/index.php?rest_route=\/wp\/v2\/posts\/10186\/revisions\/10188"}],"wp:featuredmedia":[{"embeddable":true,"href":"https:\/\/impactodenoticias.com.ar\/index.php?rest_route=\/wp\/v2\/media\/10187"}],"wp:attachment":[{"href":"https:\/\/impactodenoticias.com.ar\/index.php?rest_route=%2Fwp%2Fv2%2Fmedia&parent=10186"}],"wp:term":[{"taxonomy":"category","embeddable":true,"href":"https:\/\/impactodenoticias.com.ar\/index.php?rest_route=%2Fwp%2Fv2%2Fcategories&post=10186"},{"taxonomy":"post_tag","embeddable":true,"href":"https:\/\/impactodenoticias.com.ar\/index.php?rest_route=%2Fwp%2Fv2%2Ftags&post=10186"}],"curies":[{"name":"wp","href":"https:\/\/api.w.org\/{rel}","templated":true}]}}