{"id":10211,"date":"2025-01-18T09:13:42","date_gmt":"2025-01-18T12:13:42","guid":{"rendered":"https:\/\/impactodenoticias.com.ar\/?p=10211"},"modified":"2025-01-18T09:42:09","modified_gmt":"2025-01-18T12:42:09","slug":"procesaron-a-dos-narcos-de-san-benito-que-comercializaba-cocaina-de-buenos-aires-en-ciudades-entrerrianas-y-bonaerenses","status":"publish","type":"post","link":"https:\/\/impactodenoticias.com.ar\/?p=10211","title":{"rendered":"Procesaron a dos narcos de San Benito que comercializaba coca\u00edna de Buenos Aires en ciudades entrerrianas y bonaerenses"},"content":{"rendered":"\n<p class=\"has-medium-font-size\"><strong>El juez federal Leandro R\u00edos proces\u00f3 con prisi\u00f3n preventiva a Andrea Vargas y N\u00e9stor Rodr\u00edguez Sanabria por constituir una grupo criminal dedicada a la comercializaci\u00f3n de coca\u00edna. Les trab\u00f3 embargos millonarios. Adem\u00e1s, una c\u00f3mplice tambi\u00e9n qued\u00f3 detenida.<\/strong><\/p>\n\n\n\n<p>Andrea Vargas y N\u00e9stor Rodr\u00edguez Sanabria operaban desde San Benito una verdadera \u201cempresa\u201d criminal dedicada a la venta de drogas en las ciudades entrerrianas de Paran\u00e1 y Concordia y en las bonaerenses de Lan\u00fas, Campana y Lomas de Zamora. El juez federal de Paran\u00e1 Leandro R\u00edos proces\u00f3 con prisi\u00f3n preventiva a la pareja y a una colaboradora, mientras que para otros dos implicados dict\u00f3 la falta de m\u00e9rito.<\/p>\n\n\n\n<p>El juez R\u00edos fundament\u00f3 la decisi\u00f3n en 44 p\u00e1ginas, sobre el accionar delictivo de cada uno de los implicados y el funcionamiento de la organizaci\u00f3n que adquir\u00eda coca\u00edna y la distribu\u00eda en distintas bocas de expendio en Paran\u00e1.<\/p>\n\n\n\n<p>Para el juez, tanto Vargas como el paraguayo Rodr\u00edguez Sanabria son los cabecillas de la organizaci\u00f3n. Debido a esto los responsabiliz\u00f3 del delito de organizaci\u00f3n de actividades de comercio de estupefacientes en concurso real con el delito de resistencia a la autoridad, en tanto Tamara Blanco fue considerada autora del delito de comercio de estupefacientes, agravado por haber intervenido en el hecho tres o m\u00e1s personas de manera organizada. Para estas tres personas dispuso la continuidad de la prisi\u00f3n preventiva en las unidades penales N\u00b0 1 y N\u00b0 6 de Paran\u00e1 y les trab\u00f3 embargo sobre bienes libres de los dos primeros por 9.360.000 de pesos cada uno y de 7.020.000 a Blanco.<\/p>\n\n\n\n<p>El Juzgado dict\u00f3 la falta de m\u00e9rito de Agust\u00edn C\u00e1ceres y Tom\u00e1s Jacobi, disponiendo su inmediata libertad, sin perjuicio de la prosecuci\u00f3n de la causa, y les impuso asistir al Juzgado cada vez que le sea requerida su presencia, como asimismo informar en caso de cambiar o ausentarse de su domicilio por un t\u00e9rmino mayor a 72 horas; caso contrario, se ordenar\u00e1 su inmediata detenci\u00f3n.<\/p>\n\n\n\n<p>C\u00e1ceres es considerado colaborador; puntualmente, guardaba la droga. En tanto que Jacobi es un cambista de d\u00f3lares, lo acusan de financiar a la organizaci\u00f3n delictiva que comenz\u00f3 a ser investigada en abril de 2024.<\/p>\n\n\n\n<p>La banda ten\u00eda algunos puntos de venta que fueron investigados y chequeados por la Polic\u00eda con registros f\u00edlmicos en barrio Paran\u00e1 XVI, El Sol, en calle Patagonia y en Villa Almendral en Paran\u00e1. Adem\u00e1s comercializaban en San Benito y Concordia.<\/p>\n\n\n\n<p>La organizaci\u00f3n ven\u00eda siendo seguida desde abril de 2024 y termin\u00f3 desbaratada el 19 de diciembre del pasado a\u00f1o cuando la pareja Vargas-Rodr\u00edguez Sanabria cay\u00f3 con 18 kilos de coca\u00edna en la zona de Victoria tras escapar de un operativo policial.<\/p>\n\n\n\n<p class=\"has-medium-font-size\"><strong>El negocio<\/strong><\/p>\n\n\n\n<p>Vargas, de 43 a\u00f1os, se present\u00f3 como comerciante. Est\u00e1 imputada como organizadora transportadora. Su pareja, Rodr\u00edguez Sanabria, tiene 29 a\u00f1os y dijo que trabaja en la construcci\u00f3n. El juez lo consider\u00f3 el organizador-transportista; y Tamara Araceli Blanco, de 28 a\u00f1os, dijo que es comerciante, nacida en Paran\u00e1, y est\u00e1 imputada como vendedora en el barrio Paran\u00e1 XVI.<\/p>\n\n\n\n<p>Jacobi, de 26 a\u00f1os, cambista habilitado de divisas y compra de oro en un negocio de Concordia, fumigador, quien tambi\u00e9n se dedica a la compra y venta de automotores, de nacionalidad argentina, nacido en Concordia, est\u00e1 sospechado como financista colaborador, y Agust\u00edn Alejandro C\u00e1ceres, de 34 a\u00f1os, comerciante, nacido en Paran\u00e1, lo fue como colaborador que manejaba contactos y guardaba droga en calle Caputo.<\/p>\n\n\n\n<p>Jacobi dice ser inocente. Tras permanecer detenido, finalmente recuper\u00f3 la libertad. Fue el \u00fanico en declarar. Cont\u00f3 que la pareja le compraba entre 8.000 y 10.000 d\u00f3lares cada vez que iban a Concordia. Se\u00f1al\u00f3 que se presentaron como productores ganaderos. Asegur\u00f3 que les vendi\u00f3 un auto para la hija, y agreg\u00f3 que no tiene nada que ver con ellos.<\/p>\n\n\n\n<p>A los cinco se les atribuy\u00f3 \u201cque, al menos entre el 15 de abril de 2024 hasta el d\u00eda 19 de diciembre de 2024, fecha en que se ejecutaron los diversos allanamientos, interceptaci\u00f3n vehicular y registros de morada, detenciones, \u00f3rdenes de secuestros, requisas personales, dispuestas por el Juzgado Federal N\u00b0 1 de Paran\u00e1\u2026 y otras personas a\u00fan no identificadas y\/o localizadas que se encontraban a cargo de la venta del narc\u00f3tico, comercializaron de manera conjunta y organizada, sustancias estupefacientes \u2013clorhidrato de coca\u00edna\u2013 desde distintos domicilios y\/o residencias situadas en Paran\u00e1, sustancia que era transportada desde Buenos Aires hasta Paran\u00e1\u201d.<\/p>\n","protected":false},"excerpt":{"rendered":"<p>El juez federal Leandro R&iacute;os proces&oacute; con prisi&oacute;n preventiva a Andrea Vargas y N&eacute;stor Rodr&iacute;guez Sanabria por constituir una grupo criminal dedicada a la comercializaci&oacute;n de coca&iacute;na. Les trab&oacute; embargos millonarios. Adem&aacute;s, una c&oacute;mplice tambi&eacute;n qued&oacute; detenida. Andrea Vargas y N&eacute;stor Rodr&iacute;guez Sanabria operaban desde San Benito una verdadera &ldquo;empresa&rdquo; criminal dedicada a la venta [&hellip;]<\/p>\n","protected":false},"author":2,"featured_media":10212,"comment_status":"open","ping_status":"open","sticky":false,"template":"","format":"standard","meta":{"footnotes":""},"categories":[90,3,8],"tags":[74,953,4069,386,517],"class_list":["post-10211","post","type-post","status-publish","format-standard","has-post-thumbnail","hentry","category-judicial","category-locales","category-policiales","tag-cocaina","tag-pareja","tag-procesados","tag-san-benito","tag-venta"],"_links":{"self":[{"href":"https:\/\/impactodenoticias.com.ar\/index.php?rest_route=\/wp\/v2\/posts\/10211","targetHints":{"allow":["GET"]}}],"collection":[{"href":"https:\/\/impactodenoticias.com.ar\/index.php?rest_route=\/wp\/v2\/posts"}],"about":[{"href":"https:\/\/impactodenoticias.com.ar\/index.php?rest_route=\/wp\/v2\/types\/post"}],"author":[{"embeddable":true,"href":"https:\/\/impactodenoticias.com.ar\/index.php?rest_route=\/wp\/v2\/users\/2"}],"replies":[{"embeddable":true,"href":"https:\/\/impactodenoticias.com.ar\/index.php?rest_route=%2Fwp%2Fv2%2Fcomments&post=10211"}],"version-history":[{"count":2,"href":"https:\/\/impactodenoticias.com.ar\/index.php?rest_route=\/wp\/v2\/posts\/10211\/revisions"}],"predecessor-version":[{"id":10227,"href":"https:\/\/impactodenoticias.com.ar\/index.php?rest_route=\/wp\/v2\/posts\/10211\/revisions\/10227"}],"wp:featuredmedia":[{"embeddable":true,"href":"https:\/\/impactodenoticias.com.ar\/index.php?rest_route=\/wp\/v2\/media\/10212"}],"wp:attachment":[{"href":"https:\/\/impactodenoticias.com.ar\/index.php?rest_route=%2Fwp%2Fv2%2Fmedia&parent=10211"}],"wp:term":[{"taxonomy":"category","embeddable":true,"href":"https:\/\/impactodenoticias.com.ar\/index.php?rest_route=%2Fwp%2Fv2%2Fcategories&post=10211"},{"taxonomy":"post_tag","embeddable":true,"href":"https:\/\/impactodenoticias.com.ar\/index.php?rest_route=%2Fwp%2Fv2%2Ftags&post=10211"}],"curies":[{"name":"wp","href":"https:\/\/api.w.org\/{rel}","templated":true}]}}