{"id":10233,"date":"2025-01-18T19:45:04","date_gmt":"2025-01-18T22:45:04","guid":{"rendered":"https:\/\/impactodenoticias.com.ar\/?p=10233"},"modified":"2025-01-20T18:59:45","modified_gmt":"2025-01-20T21:59:45","slug":"sin-luz-en-varias-zonas-de-parana-san-benito-colonia-larroque-y-nogoya","status":"publish","type":"post","link":"https:\/\/impactodenoticias.com.ar\/?p=10233","title":{"rendered":"Sin luz en varias zonas de Paran\u00e1, San Benito, Colonia, Larroque y Nogoy\u00e1"},"content":{"rendered":"\n<h2 class=\"wp-block-heading\">Personal de ENERSA, se encuentra trabajando por estas horas para restablecer el servicio el\u00e9ctrico en diversas zonas de la ciudad de Paran\u00e1, San Benito, Colonia Avellaneda, Nogoy\u00e1 y Larroque.<\/h2>\n\n\n\n<p>Personal de la ENERSA, se encuentra trabajando por estas horas para restablecer el servicio el\u00e9ctrico en diversas zonas de la ciudad de Paran\u00e1, San Benito, Colonia Avellaneda, Nogoy\u00e1 y Larroque. En algunos lugares el corte se produjo por la lluvia y en otros por una sobrecarga en la tensi\u00f3n debido a la ola de calor.<\/p>\n\n\n\n<p>Seg\u00fan se inform\u00f3, el servicio se encuentra interrumpido en Almafuerte entre Mihura y El Bagual, Teniente Gim\u00e9nez entre Bertoldi y Aserrano. En la zona del barrio Toma Vieja y aleda\u00f1os. Tambi\u00e9n hay cortes en San Benito y Colonia Avellaneda.<\/p>\n\n\n\n<p>En Nogoy\u00e1, las zonas afectadas son localidad XX de Septiembre, barrio El Moraju, Ruta 12\/39 hacia Lucas Gonz\u00e1lez, Tambos Marco\/Mihura.<\/p>\n\n\n\n<p>Adem\u00e1s hay servicio restringido por un desperfecto en distribuidor en Larroque.<\/p>\n\n\n\n<p>Las zonas afectadas son: barrio C\u00e1ndido Sallas, barrio 20 Viviendas, barrio \u201cLa Estaci\u00f3n\u201d, barrio Las Toronjas, barrio Mar\u00eda Auxiliadora, zona Polideportivo, barrio \u201cLas Ranas\u201d, Hospital San Isidro y Escuela C\u00f3rdoba.<\/p>\n\n\n\n<p>Para advertir sobre cortes en el servicio, pueden comunicarse al 0800-777-0080.<\/p>\n","protected":false},"excerpt":{"rendered":"<p>Personal de ENERSA, se encuentra trabajando por estas horas para restablecer el servicio el&eacute;ctrico en diversas zonas de la ciudad de Paran&aacute;, San Benito, Colonia Avellaneda, Nogoy&aacute; y Larroque. Personal de la ENERSA, se encuentra trabajando por estas horas para restablecer el servicio el&eacute;ctrico en diversas zonas de la ciudad de Paran&aacute;, San Benito, Colonia [&hellip;]<\/p>\n","protected":false},"author":2,"featured_media":10234,"comment_status":"open","ping_status":"open","sticky":false,"template":"","format":"standard","meta":{"footnotes":""},"categories":[3,1902,49],"tags":[344,882,1514,82,1039,95,386],"class_list":["post-10233","post","type-post","status-publish","format-standard","has-post-thumbnail","hentry","category-locales","category-municipales","category-sociedad","tag-colonia-avellaneda","tag-corte","tag-larroque","tag-luz","tag-nogoya","tag-parana","tag-san-benito"],"_links":{"self":[{"href":"https:\/\/impactodenoticias.com.ar\/index.php?rest_route=\/wp\/v2\/posts\/10233","targetHints":{"allow":["GET"]}}],"collection":[{"href":"https:\/\/impactodenoticias.com.ar\/index.php?rest_route=\/wp\/v2\/posts"}],"about":[{"href":"https:\/\/impactodenoticias.com.ar\/index.php?rest_route=\/wp\/v2\/types\/post"}],"author":[{"embeddable":true,"href":"https:\/\/impactodenoticias.com.ar\/index.php?rest_route=\/wp\/v2\/users\/2"}],"replies":[{"embeddable":true,"href":"https:\/\/impactodenoticias.com.ar\/index.php?rest_route=%2Fwp%2Fv2%2Fcomments&post=10233"}],"version-history":[{"count":1,"href":"https:\/\/impactodenoticias.com.ar\/index.php?rest_route=\/wp\/v2\/posts\/10233\/revisions"}],"predecessor-version":[{"id":10235,"href":"https:\/\/impactodenoticias.com.ar\/index.php?rest_route=\/wp\/v2\/posts\/10233\/revisions\/10235"}],"wp:featuredmedia":[{"embeddable":true,"href":"https:\/\/impactodenoticias.com.ar\/index.php?rest_route=\/wp\/v2\/media\/10234"}],"wp:attachment":[{"href":"https:\/\/impactodenoticias.com.ar\/index.php?rest_route=%2Fwp%2Fv2%2Fmedia&parent=10233"}],"wp:term":[{"taxonomy":"category","embeddable":true,"href":"https:\/\/impactodenoticias.com.ar\/index.php?rest_route=%2Fwp%2Fv2%2Fcategories&post=10233"},{"taxonomy":"post_tag","embeddable":true,"href":"https:\/\/impactodenoticias.com.ar\/index.php?rest_route=%2Fwp%2Fv2%2Ftags&post=10233"}],"curies":[{"name":"wp","href":"https:\/\/api.w.org\/{rel}","templated":true}]}}