{"id":10284,"date":"2025-01-19T23:36:58","date_gmt":"2025-01-20T02:36:58","guid":{"rendered":"https:\/\/impactodenoticias.com.ar\/?p=10284"},"modified":"2025-01-19T23:36:59","modified_gmt":"2025-01-20T02:36:59","slug":"secuestraron-en-un-allanamiento-una-pistola-9-milimetros-que-habia-sido-sustraida-a-un-policia","status":"publish","type":"post","link":"https:\/\/impactodenoticias.com.ar\/?p=10284","title":{"rendered":"Secuestraron en un allanamiento una pistola 9 mil\u00edmetros que hab\u00eda sido sustra\u00edda a un polic\u00eda"},"content":{"rendered":"\n<h2 class=\"wp-block-heading\">El arma de fuego hab\u00eda sido denunciada en la comisar\u00eda tercera de Concordia. El fiscal Jos\u00e9 Arias dispuso el arresto del due\u00f1o de la vivienda, as\u00ed como el secuestro de una moto.<\/h2>\n\n\n\n<p>Personal policial de la comisar\u00eda octava de Concordia llev\u00f3 a cabo cuatro allanamientos en el marco de una de causa que se investiga por robos y amenazas.<\/p>\n\n\n\n<p><\/p>\n\n\n\n<figure class=\"wp-block-image size-full\"><img loading=\"lazy\" decoding=\"async\" width=\"696\" height=\"500\" src=\"https:\/\/impactodenoticias.com.ar\/wp-content\/uploads\/2025\/01\/Arma-robada-a-Policia-en-Concordia-e1737316123354.webp\" alt=\"\" class=\"wp-image-10285\" srcset=\"https:\/\/impactodenoticias.com.ar\/wp-content\/uploads\/2025\/01\/Arma-robada-a-Policia-en-Concordia-e1737316123354.webp 696w, https:\/\/impactodenoticias.com.ar\/wp-content\/uploads\/2025\/01\/Arma-robada-a-Policia-en-Concordia-e1737316123354-300x216.webp 300w\" sizes=\"auto, (max-width: 696px) 100vw, 696px\" \/><\/figure>\n\n\n\n<p><\/p>\n\n\n\n<p>En uno de los operativos, se notific\u00f3 a una persona de 43 a\u00f1os, donde se secuestr\u00f3 una pistola marca Glock 9 mil\u00edmetros y una planta de marihuana de 180 metros de alto por 150 de ancho. En otro de los domicilios, se notific\u00f3 a una mujer de 38 a\u00f1os, por el secuestro de moto marca Honda modelo Titan.<\/p>\n\n\n\n<p>Mientras que en el tercer allanamiento se notific\u00f3 a otra mujer de 36 a\u00f1os, por el secuestro de una planta de marihuana de 170 metros de alto. Mientras que en el cuarto procedimiento concretado, no se efectuaron secuestros.<\/p>\n\n\n\n<p>El fiscal Jos\u00e9 Arias dispuso la detenci\u00f3n del hombre mencionado, por tenencia ilegal de arma de fuego y secuestro de la plantas de marihuana; inform\u00e1ndose adem\u00e1s que el arma era propiedad de un funcionario policial y se le hab\u00eda sido robada.<\/p>\n\n\n\n<p>El arma de fuego hab\u00eda sido denunciada por el polic\u00eda como robada en la comisar\u00eda tercera de la Capital del Citrus.<\/p>\n","protected":false},"excerpt":{"rendered":"<p>El arma de fuego hab&iacute;a sido denunciada en la comisar&iacute;a tercera de Concordia. El fiscal Jos&eacute; Arias dispuso el arresto del due&ntilde;o de la vivienda, as&iacute; como el secuestro de una moto. Personal policial de la comisar&iacute;a octava de Concordia llev&oacute; a cabo cuatro allanamientos en el marco de una de causa que se investiga [&hellip;]<\/p>\n","protected":false},"author":2,"featured_media":10286,"comment_status":"open","ping_status":"open","sticky":false,"template":"","format":"standard","meta":{"footnotes":""},"categories":[8,4],"tags":[1136,1108,72,459,4087,388,658,220],"class_list":["post-10284","post","type-post","status-publish","format-standard","has-post-thumbnail","hentry","category-policiales","category-provinciales","tag-allanamientos","tag-arma","tag-concordia","tag-fuego","tag-glock","tag-moto","tag-policia-2","tag-secuestro"],"_links":{"self":[{"href":"https:\/\/impactodenoticias.com.ar\/index.php?rest_route=\/wp\/v2\/posts\/10284","targetHints":{"allow":["GET"]}}],"collection":[{"href":"https:\/\/impactodenoticias.com.ar\/index.php?rest_route=\/wp\/v2\/posts"}],"about":[{"href":"https:\/\/impactodenoticias.com.ar\/index.php?rest_route=\/wp\/v2\/types\/post"}],"author":[{"embeddable":true,"href":"https:\/\/impactodenoticias.com.ar\/index.php?rest_route=\/wp\/v2\/users\/2"}],"replies":[{"embeddable":true,"href":"https:\/\/impactodenoticias.com.ar\/index.php?rest_route=%2Fwp%2Fv2%2Fcomments&post=10284"}],"version-history":[{"count":1,"href":"https:\/\/impactodenoticias.com.ar\/index.php?rest_route=\/wp\/v2\/posts\/10284\/revisions"}],"predecessor-version":[{"id":10287,"href":"https:\/\/impactodenoticias.com.ar\/index.php?rest_route=\/wp\/v2\/posts\/10284\/revisions\/10287"}],"wp:featuredmedia":[{"embeddable":true,"href":"https:\/\/impactodenoticias.com.ar\/index.php?rest_route=\/wp\/v2\/media\/10286"}],"wp:attachment":[{"href":"https:\/\/impactodenoticias.com.ar\/index.php?rest_route=%2Fwp%2Fv2%2Fmedia&parent=10284"}],"wp:term":[{"taxonomy":"category","embeddable":true,"href":"https:\/\/impactodenoticias.com.ar\/index.php?rest_route=%2Fwp%2Fv2%2Fcategories&post=10284"},{"taxonomy":"post_tag","embeddable":true,"href":"https:\/\/impactodenoticias.com.ar\/index.php?rest_route=%2Fwp%2Fv2%2Ftags&post=10284"}],"curies":[{"name":"wp","href":"https:\/\/api.w.org\/{rel}","templated":true}]}}