{"id":1030,"date":"2024-07-10T17:08:08","date_gmt":"2024-07-10T20:08:08","guid":{"rendered":"https:\/\/impactodenoticias.com.ar\/?p=1030"},"modified":"2024-07-10T17:08:09","modified_gmt":"2024-07-10T20:08:09","slug":"familiares-de-enrique-fabiani-seran-recibidos-por-frigerio","status":"publish","type":"post","link":"https:\/\/impactodenoticias.com.ar\/?p=1030","title":{"rendered":"Familiares de Enrique Fabiani ser\u00e1n recibidos por Frigerio"},"content":{"rendered":"\n<p><strong>A 37 d\u00edas de la desaparici\u00f3n, familiares del hombre que fue visto por \u00faltima vez en un campo en Alcaraz ser\u00e1n recibidos por el gobernador. Su hijo brind\u00f3 detalles de la b\u00fasqueda y la investigaci\u00f3n.<\/strong><\/p>\n\n\n\n<p>La desaparici\u00f3n de Enrique Fabiani \u2013el hombre de 74 a\u00f1os oriundo de la localidad de Santa Clara de Buena Vista (Santa Fe), que sali\u00f3 a cazar y no volvi\u00f3 a ser visto\u2013 sigue generando gran conmoci\u00f3n en la provincia, sus familiares exigen avances en la investigaci\u00f3n, el apartamiento de la polic\u00eda.<\/p>\n\n\n\n<p>Este jueves ser\u00e1n recibidos por el gobernador, Rogelio Frigerio, y el ministro de Seguridad de Entre R\u00edos, N\u00e9stor Roncaglia.<\/p>\n\n\n\n<p>Fabiani fue visto por \u00faltima vez el 4 de junio de 2024, hace exactamente 36 d\u00edas, en la localidad de Alcaraz, del departamento La Paz, adonde hab\u00eda salido de caza con un grupo de amigos.<\/p>\n\n\n\n<p>Ante las contradicciones que surgen de las declaraciones del propietario del campo donde estuvo el hombre y los dichos de efectivos de la divisi\u00f3n de abigeato, surgen contradicciones respecto de qui\u00e9n o qui\u00e9nes fueron los \u00faltimos en verlo y, ante la lentitud en la investigaci\u00f3n y la posibilidad de un entorpecimiento por la participaci\u00f3n policial en la misma, los familiares piden el apartamiento de la polic\u00eda, y que Gendarmer\u00eda Nacional se hagan cargo de la investigaci\u00f3n.<\/p>\n\n\n\n<p>En declaraciones radiales, uno de sus hijos, Germ\u00e1n Fabiani, adelant\u00f3 que este jueves, cuando se cumplan 37 d\u00edas de la desaparici\u00f3n, se reunir\u00e1, junto con su madre y sus hermanos, con Frigerio y Roncaglia, para analizar la situaci\u00f3n y plantear una serie de demandas en torno a la b\u00fasqueda y la investigaci\u00f3n.<\/p>\n\n\n\n<p>Germ\u00e1n Fabiani compar\u00f3 el caso de su padre con el de Loan Pe\u00f1a, en relaci\u00f3n con la desaparici\u00f3n, el hecho de que hay personas -en este caso tres- que lo vieron poco antes de su desaparici\u00f3n y de acuerdo a reconstrucci\u00f3n que se ha ido haciendo de los \u00faltimos pasos y los momentos posteriores, \u201cla patrulla de abigeato acude a un llamado de una de las personas que lo vio por \u00faltima vez y hay contradicciones en las declaraciones\u201d.<\/p>\n\n\n\n<p>\u201cLos primeros d\u00edas s\u00ed lo buscamos como si hubiera estado perdido, pero ya cuando no hubo ninguna pista, yo vi que se hab\u00edan perdido cadetes de la polic\u00eda y se encontraban en el momento, se perdieron objetos de personas y se han encontrado, pens\u00e9 \u2018no est\u00e1 perdido\u2019. Y entonces ah\u00ed en fr\u00edo empec\u00e9 a pensar un poco, y si mi pap\u00e1 cuando cruza a la gente que estaba haciendo la trilla y, como ellos describen, que estaba volviendo bien para el lado de donde \u00e9l hab\u00eda salido, con la complicaci\u00f3n de que era de noche, no ten\u00eda linterna, no se iba a meter de nuevo al monte. \u00bfEntonces qu\u00e9 hizo? Si ellos salieron para un camino, \u00e9l debe haber ido por atr\u00e1s y se encontr\u00f3 con la casa de esta persona\u201d, dijo haciendo referencia a a Julio Lodi, el due\u00f1o del campo donde fue visto su padre por \u00faltima vez.<\/p>\n\n\n\n<p>Entre las medidas requeridas, Germ\u00e1n Fabiani solicit\u00f3 el apartamiento de la polic\u00eda de la investigaci\u00f3n, ya que cinco efectivos de la brigada de abigeato est\u00e1n bajo sospecha.<\/p>\n\n\n\n<p>\u201cEn la brigada Abigeato hubo mentiras desde el primer d\u00eda. Yo el mi\u00e9rcoles estuve con una persona de los que hab\u00eda acudido al llamado y en cinco minutos minti\u00f3 dos veces a un jefe de la polic\u00eda\u201d, se\u00f1al\u00f3 Fabiani.<\/p>\n\n\n\n<p>\u201cNo podemos culpar a nadie hasta que no tengamos las pruebas suficientes, pero por l\u00f3gica, tenemos que desconfiar de la \u00faltima persona que lo vio: el due\u00f1o del campo y la Brigada, porque \u00e9l dice que fue hasta la calle, no sabemos si fue o no hasta la calle, y si fue hasta la calle desconfiamos de Abigeato\u201d, expres\u00f3.<\/p>\n\n\n\n<p>Adem\u00e1s consider\u00f3 que el fiscal Mauro Quirolo \u201cest\u00e1 trabajando muy bien, un equipo de investigaciones perteneciente a la polic\u00eda tambi\u00e9n est\u00e1 trabajando bien, pero algunas personas pertenecientes a la polic\u00eda ten\u00edan un accionar raro\u201d.<\/p>\n\n\n\n<p>Seg\u00fan les reconocieron desde la fiscal\u00eda, \u201cinformaci\u00f3n hay mucha (pero) est\u00e1n trabajando y hay cosas que no nos pueden informar para que no les arruinemos el trabajo que est\u00e1n haciendo, porque por ah\u00ed necesitan que tener cosas en secreto para poder hacerlo bien\u201d.<\/p>\n\n\n\n<p>Fabiani record\u00f3 el pedido de que se investigue la desaparici\u00f3n de su padre como un caso de desaparici\u00f3n forzosa de persona: \u201cOjal\u00e1 aparezca mi pap\u00e1 con vida, que sea un milagro, pero a 36 d\u00edas las posibilidades son muy bajas\u201d, concluy\u00f3.<\/p>\n\n\n\n<p><strong>A 37 d\u00edas de la desaparici\u00f3n, familiares de Fabiani se reunir\u00e1 con Frigerio y Roncaglia<\/strong><\/p>\n\n\n\n<p>El familiar del hombre desaparecido adelant\u00f3 que este jueves al mediod\u00eda tendr\u00e1n una reuni\u00f3n \u00e9l, su madre y sus hermanos con el gobernador Rogelio Frigerio y el ministro de Seguridad, N\u00e9stor Roncaglia, con quien ya tuvieron una reuni\u00f3n previa y destac\u00f3 que \u201censeguida puso a disposici\u00f3n la divisi\u00f3n de Investigaciones y la verdad que ah\u00ed es donde se empez\u00f3 a ver el cambio\u201d.<\/p>\n\n\n\n<p>M\u00e1s all\u00e1 de esto, se\u00f1al\u00f3 que si no hay \u201cen forma inmediata\u201d avances de parte de la polic\u00eda apuntar\u00e1n a que la investigaci\u00f3n quede en manos de Gendarmer\u00eda, con lo cual, en ese caso, tomar\u00eda intervenci\u00f3n la justicia Federal.<\/p>\n\n\n\n<p>\u201cLa justicia es lerda, pero ya hubo muchas cosas que fueron por dem\u00e1s de lerdas, que se hagan los pedidos un poco m\u00e1s r\u00e1pido, como la investigaci\u00f3n de celulares\u201d, sostuvo en declaraciones que consign\u00f3 Plaza Web.<\/p>\n","protected":false},"excerpt":{"rendered":"<p>A 37 d&iacute;as de la desaparici&oacute;n, familiares del hombre que fue visto por &uacute;ltima vez en un campo en Alcaraz ser&aacute;n recibidos por el gobernador. Su hijo brind&oacute; detalles de la b&uacute;squeda y la investigaci&oacute;n. La desaparici&oacute;n de Enrique Fabiani &ndash;el hombre de 74 a&ntilde;os oriundo de la localidad de Santa Clara de Buena Vista [&hellip;]<\/p>\n","protected":false},"author":2,"featured_media":1031,"comment_status":"open","ping_status":"open","sticky":false,"template":"","format":"standard","meta":{"footnotes":""},"categories":[90,8,4],"tags":[492,305,490,445,491,489,39],"class_list":["post-1030","post","type-post","status-publish","format-standard","has-post-thumbnail","hentry","category-judicial","category-policiales","category-provinciales","tag-alcaraz","tag-enrique-fabiani","tag-familiares","tag-gendarmeria","tag-german-fabiani","tag-nestor-roncaglia","tag-rogelio-frigerio"],"_links":{"self":[{"href":"https:\/\/impactodenoticias.com.ar\/index.php?rest_route=\/wp\/v2\/posts\/1030","targetHints":{"allow":["GET"]}}],"collection":[{"href":"https:\/\/impactodenoticias.com.ar\/index.php?rest_route=\/wp\/v2\/posts"}],"about":[{"href":"https:\/\/impactodenoticias.com.ar\/index.php?rest_route=\/wp\/v2\/types\/post"}],"author":[{"embeddable":true,"href":"https:\/\/impactodenoticias.com.ar\/index.php?rest_route=\/wp\/v2\/users\/2"}],"replies":[{"embeddable":true,"href":"https:\/\/impactodenoticias.com.ar\/index.php?rest_route=%2Fwp%2Fv2%2Fcomments&post=1030"}],"version-history":[{"count":1,"href":"https:\/\/impactodenoticias.com.ar\/index.php?rest_route=\/wp\/v2\/posts\/1030\/revisions"}],"predecessor-version":[{"id":1032,"href":"https:\/\/impactodenoticias.com.ar\/index.php?rest_route=\/wp\/v2\/posts\/1030\/revisions\/1032"}],"wp:featuredmedia":[{"embeddable":true,"href":"https:\/\/impactodenoticias.com.ar\/index.php?rest_route=\/wp\/v2\/media\/1031"}],"wp:attachment":[{"href":"https:\/\/impactodenoticias.com.ar\/index.php?rest_route=%2Fwp%2Fv2%2Fmedia&parent=1030"}],"wp:term":[{"taxonomy":"category","embeddable":true,"href":"https:\/\/impactodenoticias.com.ar\/index.php?rest_route=%2Fwp%2Fv2%2Fcategories&post=1030"},{"taxonomy":"post_tag","embeddable":true,"href":"https:\/\/impactodenoticias.com.ar\/index.php?rest_route=%2Fwp%2Fv2%2Ftags&post=1030"}],"curies":[{"name":"wp","href":"https:\/\/api.w.org\/{rel}","templated":true}]}}