{"id":10322,"date":"2025-01-21T09:36:02","date_gmt":"2025-01-21T12:36:02","guid":{"rendered":"https:\/\/impactodenoticias.com.ar\/?p=10322"},"modified":"2025-01-21T09:45:16","modified_gmt":"2025-01-21T12:45:16","slug":"graves-enfrentamientos-fuera-del-predio-de-la-fiesta-de-la-playa-en-concepcion-del-uruguay","status":"publish","type":"post","link":"https:\/\/impactodenoticias.com.ar\/?p=10322","title":{"rendered":"Graves enfrentamientos fuera del predio de la Fiesta de la Playa en Concepci\u00f3n del Uruguay"},"content":{"rendered":"\n<h2 class=\"wp-block-heading\">En el cierre del multitudinario evento, un grupo de violentos rompi\u00f3 el alambrado y gener\u00f3 una gresca generalizada. Una mujer fue apu\u00f1alada.<\/h2>\n\n\n\n<p>En la noche de cierre de la XXXVI edici\u00f3n de la Fiesta Nacional de la Playa, llevada a cabo en el predio multieventos de la antigua estaci\u00f3n del ferrocarril, se gener\u00f3 una pelea generalizada en las afueras del evento.<\/p>\n\n\n\n<p>La reyerta se iniciaron cuando un grupo de j\u00f3venes rompi\u00f3 el alambrado perimetral y se involucr\u00f3 en peleas violentas, utilizando botellas como armas.<\/p>\n\n\n\n<p>En medio de la confusi\u00f3n, una mujer fue apu\u00f1alada y fue r\u00e1pidamente trasladada al Hospital Justo Jos\u00e9 de Urquiza para recibir atenci\u00f3n m\u00e9dica.<\/p>\n\n\n\n<p>Testigos del hecho relataron que se escucharon gritos y se vieron personas corriendo desesperadas, incluidos ni\u00f1os que intentaban encontrar refugio.<\/p>\n\n\n\n<p>La situaci\u00f3n fue escalando, lo que gener\u00f3 el r\u00e1pido despliegue de la Polic\u00eda montada para controlar los disturbios. A pesar de los incidentes, la banda local Ke Personajes ofreci\u00f3 un excelente espect\u00e1culo dentro del predio, atrayendo a miles de personas.<\/p>\n\n\n\n<p>Los incidentes fuera del predio, donde se encontraban aquellos que no pudieron pagar la entrada, opacaron el ambiente festivo.<\/p>\n\n\n\n<p>Las autoridades investigan por estas horas los hechos y se espera que se tomen medidas para garantizar la seguridad en futuros eventos.<\/p>\n","protected":false},"excerpt":{"rendered":"<p>En el cierre del multitudinario evento, un grupo de violentos rompi&oacute; el alambrado y gener&oacute; una gresca generalizada. Una mujer fue apu&ntilde;alada. En la noche de cierre de la XXXVI edici&oacute;n de la Fiesta Nacional de la Playa, llevada a cabo en el predio multieventos de la antigua estaci&oacute;n del ferrocarril, se gener&oacute; una pelea [&hellip;]<\/p>\n","protected":false},"author":2,"featured_media":10323,"comment_status":"open","ping_status":"open","sticky":false,"template":"","format":"standard","meta":{"footnotes":""},"categories":[8,4],"tags":[4093,324,4092,4094,2636,182],"class_list":["post-10322","post","type-post","status-publish","format-standard","has-post-thumbnail","hentry","category-policiales","category-provinciales","tag-apunalada","tag-concepcion-del-uruguay","tag-enfrentamientos","tag-fiesta-nacional-de-la-playa","tag-graves","tag-mujer"],"_links":{"self":[{"href":"https:\/\/impactodenoticias.com.ar\/index.php?rest_route=\/wp\/v2\/posts\/10322","targetHints":{"allow":["GET"]}}],"collection":[{"href":"https:\/\/impactodenoticias.com.ar\/index.php?rest_route=\/wp\/v2\/posts"}],"about":[{"href":"https:\/\/impactodenoticias.com.ar\/index.php?rest_route=\/wp\/v2\/types\/post"}],"author":[{"embeddable":true,"href":"https:\/\/impactodenoticias.com.ar\/index.php?rest_route=\/wp\/v2\/users\/2"}],"replies":[{"embeddable":true,"href":"https:\/\/impactodenoticias.com.ar\/index.php?rest_route=%2Fwp%2Fv2%2Fcomments&post=10322"}],"version-history":[{"count":2,"href":"https:\/\/impactodenoticias.com.ar\/index.php?rest_route=\/wp\/v2\/posts\/10322\/revisions"}],"predecessor-version":[{"id":10326,"href":"https:\/\/impactodenoticias.com.ar\/index.php?rest_route=\/wp\/v2\/posts\/10322\/revisions\/10326"}],"wp:featuredmedia":[{"embeddable":true,"href":"https:\/\/impactodenoticias.com.ar\/index.php?rest_route=\/wp\/v2\/media\/10323"}],"wp:attachment":[{"href":"https:\/\/impactodenoticias.com.ar\/index.php?rest_route=%2Fwp%2Fv2%2Fmedia&parent=10322"}],"wp:term":[{"taxonomy":"category","embeddable":true,"href":"https:\/\/impactodenoticias.com.ar\/index.php?rest_route=%2Fwp%2Fv2%2Fcategories&post=10322"},{"taxonomy":"post_tag","embeddable":true,"href":"https:\/\/impactodenoticias.com.ar\/index.php?rest_route=%2Fwp%2Fv2%2Ftags&post=10322"}],"curies":[{"name":"wp","href":"https:\/\/api.w.org\/{rel}","templated":true}]}}