{"id":10344,"date":"2025-01-21T10:30:22","date_gmt":"2025-01-21T13:30:22","guid":{"rendered":"https:\/\/impactodenoticias.com.ar\/?p=10344"},"modified":"2025-01-22T11:39:33","modified_gmt":"2025-01-22T14:39:33","slug":"nuevo-incremento-del-boleto-de-colectivos-en-el-area-metropolitana","status":"publish","type":"post","link":"https:\/\/impactodenoticias.com.ar\/?p=10344","title":{"rendered":"Nuevo incremento del boleto de colectivos en el \u00c1rea Metropolitana"},"content":{"rendered":"\n<h2 class=\"wp-block-heading\">La secretar\u00eda de Transporte de Entre R\u00edos autoriz\u00f3 una suba del servicio urbano de pasajeros.<\/h2>\n\n\n\n<p>El Ministerio de Planeamiento, Infraestructura y Servicios, confirm\u00f3 que el pasaje del Servicio Metropolitano de Transporte tendr\u00e1 una nueva tarifa de $1400. Esta medida fue dispuesta por el Gobierno Provincial a trav\u00e9s de la autoridad de aplicaci\u00f3n, la Secretar\u00eda de Transporte.<\/p>\n\n\n\n<p>El incremento fue fundamentado desde el \u00e1rea como parte de \u201cuna estrategia para mantener la calidad y continuidad del servicio p\u00fablico\u201d. Este incremento acompa\u00f1a los ajustes llevados adelante en las l\u00edneas provinciales y busca asegurar un sistema sostenible y accesible para los usuarios.<\/p>\n\n\n\n<p>La nueva tarifa impacta a las siguientes l\u00edneas del Servicio Metropolitano: 4, 6, 12, 15, 17, 20, 22 y 24, las cuales conectan a diversas comunidades y forman parte esencial del sistema de transporte p\u00fablico en la regi\u00f3n. La medida busca garantizar un equilibrio tarifario entre los usuarios de las diferentes l\u00edneas, asegurando la uniformidad y accesibilidad del servicio.<\/p>\n\n\n\n<p><strong>Aporte y pasajes subsidiados<\/strong><\/p>\n\n\n\n<p>Desde el Gobierno provincial, precisaron que se realiza una inversi\u00f3n mensual promedio de $114 millones para subsidiar el transporte p\u00fablico metropolitano. Este aporte, dijeron, asegura que la tarifa se mantenga en niveles accesibles para los usuarios y evita que los costos operativos se trasladen completamente al boleto y advirtieron que sin este aporte, el pasaje podr\u00eda superar ampliamente el valor actual.<\/p>\n\n\n\n<p>En toda la provincia, el aporte al sistema de transporte p\u00fablico de pasajeros alcanza los $800 millones, seg\u00fan informaron desde el Ejecutivo.<\/p>\n\n\n\n<p>Este subsidio global no est\u00e1 dirigido a un destinatario espec\u00edfico, sino que impacta tanto en los municipios como en los servicios del \u00e1rea metropolitana (A.M.), permitiendo un equilibrio tarifario que beneficia a toda la comunidad usuaria.<\/p>\n","protected":false},"excerpt":{"rendered":"<p>La secretar&iacute;a de Transporte de Entre R&iacute;os autoriz&oacute; una suba del servicio urbano de pasajeros. El Ministerio de Planeamiento, Infraestructura y Servicios, confirm&oacute; que el pasaje del Servicio Metropolitano de Transporte tendr&aacute; una nueva tarifa de $1400. Esta medida fue dispuesta por el Gobierno Provincial a trav&eacute;s de la autoridad de aplicaci&oacute;n, la Secretar&iacute;a de [&hellip;]<\/p>\n","protected":false},"author":2,"featured_media":10345,"comment_status":"open","ping_status":"open","sticky":false,"template":"","format":"standard","meta":{"footnotes":""},"categories":[3,49],"tags":[57,1357,348,95,4102],"class_list":["post-10344","post","type-post","status-publish","format-standard","has-post-thumbnail","hentry","category-locales","category-sociedad","tag-aumento","tag-boleto","tag-colectivos","tag-parana","tag-urbanos"],"_links":{"self":[{"href":"https:\/\/impactodenoticias.com.ar\/index.php?rest_route=\/wp\/v2\/posts\/10344","targetHints":{"allow":["GET"]}}],"collection":[{"href":"https:\/\/impactodenoticias.com.ar\/index.php?rest_route=\/wp\/v2\/posts"}],"about":[{"href":"https:\/\/impactodenoticias.com.ar\/index.php?rest_route=\/wp\/v2\/types\/post"}],"author":[{"embeddable":true,"href":"https:\/\/impactodenoticias.com.ar\/index.php?rest_route=\/wp\/v2\/users\/2"}],"replies":[{"embeddable":true,"href":"https:\/\/impactodenoticias.com.ar\/index.php?rest_route=%2Fwp%2Fv2%2Fcomments&post=10344"}],"version-history":[{"count":1,"href":"https:\/\/impactodenoticias.com.ar\/index.php?rest_route=\/wp\/v2\/posts\/10344\/revisions"}],"predecessor-version":[{"id":10346,"href":"https:\/\/impactodenoticias.com.ar\/index.php?rest_route=\/wp\/v2\/posts\/10344\/revisions\/10346"}],"wp:featuredmedia":[{"embeddable":true,"href":"https:\/\/impactodenoticias.com.ar\/index.php?rest_route=\/wp\/v2\/media\/10345"}],"wp:attachment":[{"href":"https:\/\/impactodenoticias.com.ar\/index.php?rest_route=%2Fwp%2Fv2%2Fmedia&parent=10344"}],"wp:term":[{"taxonomy":"category","embeddable":true,"href":"https:\/\/impactodenoticias.com.ar\/index.php?rest_route=%2Fwp%2Fv2%2Fcategories&post=10344"},{"taxonomy":"post_tag","embeddable":true,"href":"https:\/\/impactodenoticias.com.ar\/index.php?rest_route=%2Fwp%2Fv2%2Ftags&post=10344"}],"curies":[{"name":"wp","href":"https:\/\/api.w.org\/{rel}","templated":true}]}}