{"id":10347,"date":"2025-01-21T18:33:44","date_gmt":"2025-01-21T21:33:44","guid":{"rendered":"https:\/\/impactodenoticias.com.ar\/?p=10347"},"modified":"2025-01-21T18:33:46","modified_gmt":"2025-01-21T21:33:46","slug":"tras-una-balacera-entre-vecinos-secuestraron-armas-de-fuego-en-el-barrio-belgrano-de-parana","status":"publish","type":"post","link":"https:\/\/impactodenoticias.com.ar\/?p=10347","title":{"rendered":"Tras una balacera entre vecinos: secuestraron armas de fuego en el barrio Belgrano de Paran\u00e1"},"content":{"rendered":"\n<h2 class=\"wp-block-heading\">La Divisi\u00f3n Homicidios de la Polic\u00eda llev\u00f3 a cabo cuatro allanamientos en b\u00fasqueda de armas de fuego. Los operativos se dieron en el marco de una investigaci\u00f3n por un altercado donde un vecinos bale\u00f3 a otro el fin de semana.<\/h2>\n\n\n\n<p>La Divisi\u00f3n Homicidios de la Polic\u00eda llev\u00f3 adelante cuatro allanamientos en el barrio Belgrano de Paran\u00e1 en el marco de una investigaci\u00f3n por un ataque con arma de fuego de un hombre a otro. El violento hecho sucedi\u00f3 este s\u00e1bado. Como saldo de los procedimientos policiales ralizados este martes, se secuestraron dos armas de fuego y se puso a disposici\u00f3n de la fiscal\u00eda a dos personas.<\/p>\n\n\n\n<p><\/p>\n\n\n\n<figure class=\"wp-block-image size-full\"><img loading=\"lazy\" decoding=\"async\" width=\"386\" height=\"341\" src=\"https:\/\/impactodenoticias.com.ar\/wp-content\/uploads\/2025\/01\/Armas-secuestradas.webp\" alt=\"\" class=\"wp-image-10348\" srcset=\"https:\/\/impactodenoticias.com.ar\/wp-content\/uploads\/2025\/01\/Armas-secuestradas.webp 386w, https:\/\/impactodenoticias.com.ar\/wp-content\/uploads\/2025\/01\/Armas-secuestradas-300x265.webp 300w\" sizes=\"auto, (max-width: 386px) 100vw, 386px\" \/><\/figure>\n\n\n\n<p><\/p>\n\n\n\n<p>Seg\u00fan se inform\u00f3 a <strong>IMPACTO DE NOTICIAS<\/strong>, el s\u00e1bado un joven de nombre Mario Ren\u00e9 que vive en el barrio Capib\u00e1, dispar\u00f3 con un arma calibre 9 mil\u00edmetros contra un joven de apellido Machado. Una de las balas le perfor\u00f3 el hombro. Si bien Ren\u00e9 fue arrestado por personal de la comisar\u00eda Sexta en forma inmediata, el arma utilizada no fue encontrada.<\/p>\n\n\n\n<p><\/p>\n\n\n\n<figure class=\"wp-block-image size-full\"><img loading=\"lazy\" decoding=\"async\" width=\"681\" height=\"595\" src=\"https:\/\/impactodenoticias.com.ar\/wp-content\/uploads\/2025\/01\/vivienda-allananda-Belgrano-1.webp\" alt=\"\" class=\"wp-image-10349\" srcset=\"https:\/\/impactodenoticias.com.ar\/wp-content\/uploads\/2025\/01\/vivienda-allananda-Belgrano-1.webp 681w, https:\/\/impactodenoticias.com.ar\/wp-content\/uploads\/2025\/01\/vivienda-allananda-Belgrano-1-300x262.webp 300w\" sizes=\"auto, (max-width: 681px) 100vw, 681px\" \/><\/figure>\n\n\n\n<p><\/p>\n\n\n\n<p>Machacho fue hospitalizado y, tras recibir las curaciones, recibi\u00f3 el alta. Al parecer, lo que desencaden\u00f3 el hecho de violencia ser\u00eda una serie de robos que sufri\u00f3 un familiar de Ren\u00e9 a manos de Machado.<\/p>\n\n\n\n<p>El operativo de este martes estuvo a cargo de la Divisi\u00f3n de Homicidios. Luego de un trabajo de campo presentado al fiscal, se allanaron cuatro viviendas, donde se pudo secuestrar dos armas de fuego, una pistola calibre 9mm marca Pietro Beretta, con numeraci\u00f3n suprimida, y una pistola calibre .22 marca Bersa.<\/p>\n\n\n\n<p>Los due\u00f1os de las armas fueron arrestados y trasladados a la Divisi\u00f3n de Antecedentes Personales por el supuesto delito de tenencia ilegal de arma de fuego. Mientras que las armas secuestradas fueron enviadas a la Direcci\u00f3n General de Polic\u00eda Cient\u00edfica para determinar si alguna corresponde al ataque del s\u00e1bado o si est\u00e1n vinculadas a otros hechos delictivos registrados en la ciudad.<\/p>\n","protected":false},"excerpt":{"rendered":"<p>La Divisi&oacute;n Homicidios de la Polic&iacute;a llev&oacute; a cabo cuatro allanamientos en b&uacute;squeda de armas de fuego. Los operativos se dieron en el marco de una investigaci&oacute;n por un altercado donde un vecinos bale&oacute; a otro el fin de semana. La Divisi&oacute;n Homicidios de la Polic&iacute;a llev&oacute; adelante cuatro allanamientos en el barrio Belgrano de [&hellip;]<\/p>\n","protected":false},"author":2,"featured_media":10350,"comment_status":"open","ping_status":"open","sticky":false,"template":"","format":"standard","meta":{"footnotes":""},"categories":[3,8],"tags":[1136,1028,1145,2885,95,220],"class_list":["post-10347","post","type-post","status-publish","format-standard","has-post-thumbnail","hentry","category-locales","category-policiales","tag-allanamientos","tag-armas","tag-barrio","tag-belgrano","tag-parana","tag-secuestro"],"_links":{"self":[{"href":"https:\/\/impactodenoticias.com.ar\/index.php?rest_route=\/wp\/v2\/posts\/10347","targetHints":{"allow":["GET"]}}],"collection":[{"href":"https:\/\/impactodenoticias.com.ar\/index.php?rest_route=\/wp\/v2\/posts"}],"about":[{"href":"https:\/\/impactodenoticias.com.ar\/index.php?rest_route=\/wp\/v2\/types\/post"}],"author":[{"embeddable":true,"href":"https:\/\/impactodenoticias.com.ar\/index.php?rest_route=\/wp\/v2\/users\/2"}],"replies":[{"embeddable":true,"href":"https:\/\/impactodenoticias.com.ar\/index.php?rest_route=%2Fwp%2Fv2%2Fcomments&post=10347"}],"version-history":[{"count":1,"href":"https:\/\/impactodenoticias.com.ar\/index.php?rest_route=\/wp\/v2\/posts\/10347\/revisions"}],"predecessor-version":[{"id":10351,"href":"https:\/\/impactodenoticias.com.ar\/index.php?rest_route=\/wp\/v2\/posts\/10347\/revisions\/10351"}],"wp:featuredmedia":[{"embeddable":true,"href":"https:\/\/impactodenoticias.com.ar\/index.php?rest_route=\/wp\/v2\/media\/10350"}],"wp:attachment":[{"href":"https:\/\/impactodenoticias.com.ar\/index.php?rest_route=%2Fwp%2Fv2%2Fmedia&parent=10347"}],"wp:term":[{"taxonomy":"category","embeddable":true,"href":"https:\/\/impactodenoticias.com.ar\/index.php?rest_route=%2Fwp%2Fv2%2Fcategories&post=10347"},{"taxonomy":"post_tag","embeddable":true,"href":"https:\/\/impactodenoticias.com.ar\/index.php?rest_route=%2Fwp%2Fv2%2Ftags&post=10347"}],"curies":[{"name":"wp","href":"https:\/\/api.w.org\/{rel}","templated":true}]}}