{"id":10352,"date":"2025-01-21T18:37:45","date_gmt":"2025-01-21T21:37:45","guid":{"rendered":"https:\/\/impactodenoticias.com.ar\/?p=10352"},"modified":"2025-01-22T11:39:29","modified_gmt":"2025-01-22T14:39:29","slug":"la-fraternidad-anuncio-un-paro-de-trenes-antes-de-fin-de-mes-que-afectara-el-servicio-en-parana","status":"publish","type":"post","link":"https:\/\/impactodenoticias.com.ar\/?p=10352","title":{"rendered":"La Fraternidad anunci\u00f3 un paro de trenes antes de fin de mes que afectar\u00e1 el servicio en Paran\u00e1"},"content":{"rendered":"\n<h2 class=\"wp-block-heading\">El gremio La Fraternidad, que nuclea a los choferes de trenes a nivel nacional, anunci\u00f3 en la tarde de este martes un paro para el 28 de enero por reclamos salariales.<\/h2>\n\n\n\n<p>La medida de fuerza se realizar\u00e1 desde las 9 hasta las 17, \u201cafectando el servicio a nivel nacional\u201d, destac\u00f3 el gremio en un comunicado.<\/p>\n\n\n\n<p>\u201cEn la reuni\u00f3n del d\u00eda de la fecha, el Secretariado Nacional, en virtud de la falta de respuesta reiteradas en las paritarias por parte de las empresas, representantes del Gobierno y las empresas concesionarias, ha resuelto hacer un llamado urgente a un plenario de representantes gremiales de todos los ferrocarriles para el pr\u00f3ximo 28 de enero, a partir de las 11 en el teatro Empire del sindicato\u201c, se\u00f1al\u00f3 La Fraternidad en un comunicado.<\/p>\n\n\n\n<p>Y agreg\u00f3 que: \u00abse paralizar\u00e1n las tareas desde las 9 hasta las 17 de ese mismo d\u00eda, afectando todos los servicios de trenes en todo el territorio nacional\u00bb.<\/p>\n","protected":false},"excerpt":{"rendered":"<p>El gremio La Fraternidad, que nuclea a los choferes de trenes a nivel nacional, anunci&oacute; en la tarde de este martes un paro para el 28 de enero por reclamos salariales. La medida de fuerza se realizar&aacute; desde las 9 hasta las 17, &ldquo;afectando el servicio a nivel nacional&rdquo;, destac&oacute; el gremio en un comunicado. [&hellip;]<\/p>\n","protected":false},"author":2,"featured_media":10353,"comment_status":"open","ping_status":"open","sticky":false,"template":"","format":"standard","meta":{"footnotes":""},"categories":[91,3],"tags":[4103,95,59,3423],"class_list":["post-10352","post","type-post","status-publish","format-standard","has-post-thumbnail","hentry","category-gremiales","category-locales","tag-fraternidad","tag-parana","tag-paro","tag-trenes"],"_links":{"self":[{"href":"https:\/\/impactodenoticias.com.ar\/index.php?rest_route=\/wp\/v2\/posts\/10352","targetHints":{"allow":["GET"]}}],"collection":[{"href":"https:\/\/impactodenoticias.com.ar\/index.php?rest_route=\/wp\/v2\/posts"}],"about":[{"href":"https:\/\/impactodenoticias.com.ar\/index.php?rest_route=\/wp\/v2\/types\/post"}],"author":[{"embeddable":true,"href":"https:\/\/impactodenoticias.com.ar\/index.php?rest_route=\/wp\/v2\/users\/2"}],"replies":[{"embeddable":true,"href":"https:\/\/impactodenoticias.com.ar\/index.php?rest_route=%2Fwp%2Fv2%2Fcomments&post=10352"}],"version-history":[{"count":1,"href":"https:\/\/impactodenoticias.com.ar\/index.php?rest_route=\/wp\/v2\/posts\/10352\/revisions"}],"predecessor-version":[{"id":10354,"href":"https:\/\/impactodenoticias.com.ar\/index.php?rest_route=\/wp\/v2\/posts\/10352\/revisions\/10354"}],"wp:featuredmedia":[{"embeddable":true,"href":"https:\/\/impactodenoticias.com.ar\/index.php?rest_route=\/wp\/v2\/media\/10353"}],"wp:attachment":[{"href":"https:\/\/impactodenoticias.com.ar\/index.php?rest_route=%2Fwp%2Fv2%2Fmedia&parent=10352"}],"wp:term":[{"taxonomy":"category","embeddable":true,"href":"https:\/\/impactodenoticias.com.ar\/index.php?rest_route=%2Fwp%2Fv2%2Fcategories&post=10352"},{"taxonomy":"post_tag","embeddable":true,"href":"https:\/\/impactodenoticias.com.ar\/index.php?rest_route=%2Fwp%2Fv2%2Ftags&post=10352"}],"curies":[{"name":"wp","href":"https:\/\/api.w.org\/{rel}","templated":true}]}}