{"id":10408,"date":"2025-01-23T09:31:48","date_gmt":"2025-01-23T12:31:48","guid":{"rendered":"https:\/\/impactodenoticias.com.ar\/?p=10408"},"modified":"2025-01-23T10:26:04","modified_gmt":"2025-01-23T13:26:04","slug":"aberrante-un-nino-de-1-anos-y-seis-meses-fue-internado-por-probable-intoxicacion-con-cannabis-sativa","status":"publish","type":"post","link":"https:\/\/impactodenoticias.com.ar\/?p=10408","title":{"rendered":"ABERRANTE: un ni\u00f1o de 1 a\u00f1os y seis meses fue internado por probable intoxicaci\u00f3n con cannabis sativa"},"content":{"rendered":"\n<h2 class=\"wp-block-heading\">Un nene de un a\u00f1o y seis meses ingres\u00f3 al sector de urgencias al hospital San Roque de Paran\u00e1. Al parecer los padres no lo habr\u00edan podido despertar. La Polic\u00eda y el Ministerio P\u00fablico Fiscal ya tomaron intervenci\u00f3n.<\/h2>\n\n\n\n<p>Un nene de un a\u00f1o y seis meses ingres\u00f3 de urgencias al hospital San Roque de Paran\u00e1 por presunta intoxicaci\u00f3n con cannabis sativa.<\/p>\n\n\n\n<p>El caso ya est\u00e1 en manos de la Polic\u00eda y del Ministerio P\u00fablico Fiscal. Por el momento no se dio a conocer las medidas que dispondr\u00e1 la justicia con respecto a los adultos que tienen a su cargo al beb\u00e9.<\/p>\n\n\n\n<p>Seg\u00fan informaron a <strong>IMPACTO DE NOTICIAS<\/strong>, el ni\u00f1o vive con sus padres en la ciudad de Paran\u00e1, e ingres\u00f3 al nosocomio pedi\u00e1trico de urgencia. Los primeros an\u00e1lisis cl\u00ednicos habr\u00edan arrojado como resultado que el chiquito ten\u00eda una alta dosis de lo que com\u00fanmente se conoce como marihuana.<\/p>\n\n\n\n<p>Al parecer, el nene estaba durmiendo y los padres no lo habr\u00edan podido despertar. Por esta situaci\u00f3n lo trasladaron de urgencia al nosocomio donde se le practicaron los an\u00e1lisis correspondientes.<\/p>\n\n\n\n<p>Vale se\u00f1alar que la intoxicaci\u00f3n por cannabis en los ni\u00f1os se produce por ingesti\u00f3n oral. Los s\u00edntomas de la intoxicaci\u00f3n por cannabis incluyen: n\u00e1useas, v\u00f3mitos, sequedad de boca, sed, palidez, hiperemia conjuntival y midriasis.<\/p>\n\n\n\n<p>Noticia en desarrollo\u2026<\/p>\n","protected":false},"excerpt":{"rendered":"<p>Un nene de un a&ntilde;o y seis meses ingres&oacute; al sector de urgencias al hospital San Roque de Paran&aacute;. Al parecer los padres no lo habr&iacute;an podido despertar. La Polic&iacute;a y el Ministerio P&uacute;blico Fiscal ya tomaron intervenci&oacute;n. Un nene de un a&ntilde;o y seis meses ingres&oacute; de urgencias al hospital San Roque de Paran&aacute; [&hellip;]<\/p>\n","protected":false},"author":2,"featured_media":10409,"comment_status":"open","ping_status":"open","sticky":false,"template":"","format":"standard","meta":{"footnotes":""},"categories":[3,8],"tags":[141,4132,1197,503,95,999],"class_list":["post-10408","post","type-post","status-publish","format-standard","has-post-thumbnail","hentry","category-locales","category-policiales","tag-hospital","tag-ingesta","tag-marihuana","tag-nino","tag-parana","tag-san-roque"],"_links":{"self":[{"href":"https:\/\/impactodenoticias.com.ar\/index.php?rest_route=\/wp\/v2\/posts\/10408","targetHints":{"allow":["GET"]}}],"collection":[{"href":"https:\/\/impactodenoticias.com.ar\/index.php?rest_route=\/wp\/v2\/posts"}],"about":[{"href":"https:\/\/impactodenoticias.com.ar\/index.php?rest_route=\/wp\/v2\/types\/post"}],"author":[{"embeddable":true,"href":"https:\/\/impactodenoticias.com.ar\/index.php?rest_route=\/wp\/v2\/users\/2"}],"replies":[{"embeddable":true,"href":"https:\/\/impactodenoticias.com.ar\/index.php?rest_route=%2Fwp%2Fv2%2Fcomments&post=10408"}],"version-history":[{"count":2,"href":"https:\/\/impactodenoticias.com.ar\/index.php?rest_route=\/wp\/v2\/posts\/10408\/revisions"}],"predecessor-version":[{"id":10421,"href":"https:\/\/impactodenoticias.com.ar\/index.php?rest_route=\/wp\/v2\/posts\/10408\/revisions\/10421"}],"wp:featuredmedia":[{"embeddable":true,"href":"https:\/\/impactodenoticias.com.ar\/index.php?rest_route=\/wp\/v2\/media\/10409"}],"wp:attachment":[{"href":"https:\/\/impactodenoticias.com.ar\/index.php?rest_route=%2Fwp%2Fv2%2Fmedia&parent=10408"}],"wp:term":[{"taxonomy":"category","embeddable":true,"href":"https:\/\/impactodenoticias.com.ar\/index.php?rest_route=%2Fwp%2Fv2%2Fcategories&post=10408"},{"taxonomy":"post_tag","embeddable":true,"href":"https:\/\/impactodenoticias.com.ar\/index.php?rest_route=%2Fwp%2Fv2%2Ftags&post=10408"}],"curies":[{"name":"wp","href":"https:\/\/api.w.org\/{rel}","templated":true}]}}