{"id":10455,"date":"2025-01-24T09:07:27","date_gmt":"2025-01-24T12:07:27","guid":{"rendered":"https:\/\/impactodenoticias.com.ar\/?p=10455"},"modified":"2025-01-24T09:27:37","modified_gmt":"2025-01-24T12:27:37","slug":"volco-un-camion-y-el-chofer-fue-rescatado-y-derivado-de-urgencia-ocurrio-en-ruta-39","status":"publish","type":"post","link":"https:\/\/impactodenoticias.com.ar\/?p=10455","title":{"rendered":"Volc\u00f3 un cami\u00f3n y el chofer fue rescatado y derivado de urgencia. Ocurri\u00f3 en Ruta 39"},"content":{"rendered":"\n<h2 class=\"wp-block-heading\">El conductor del cami\u00f3n tuvo que ser trasladado de urgencia para recibir atenci\u00f3n m\u00e9dica. El veh\u00edculo qued\u00f3 con sus ruedas hacia arriba.<\/h2>\n\n\n\n<p>Un camionero fue rescatado del pesado veh\u00edculo tras protagonizar un violento vuelco esta madrugada. El accidente vial se produjo en Ruta 39, a la altura del kil\u00f3metro 124 \u00bd, en jurisdicci\u00f3n del departamento Uruguay.<\/p>\n\n\n\n<p>Por razones que son materia de investigaci\u00f3n, el conductor del cami\u00f3n perdi\u00f3 el control y despist\u00f3 en uno de los extremos del puentecito. El veh\u00edculo involucrado, un cami\u00f3n Mercedes Benz modelo 1633, de la empresa Transportes Boneto, qued\u00f3 volcado sobre su lateral derecho.<\/p>\n\n\n\n<p>El conductor, de 37 a\u00f1os, domiciliado en Santa Clara de Buena Vista, Santa Fe, explic\u00f3 a las autoridades que se dirig\u00eda desde Rosario hacia Concepci\u00f3n del Uruguay con destino a una cadena de supermercados.<\/p>\n\n\n\n<p><\/p>\n\n\n\n<figure class=\"wp-block-image size-full\"><img loading=\"lazy\" decoding=\"async\" width=\"696\" height=\"391\" src=\"https:\/\/impactodenoticias.com.ar\/wp-content\/uploads\/2025\/01\/phpBNyjnD_6793691044d164_38371250.webp\" alt=\"\" class=\"wp-image-10456\" srcset=\"https:\/\/impactodenoticias.com.ar\/wp-content\/uploads\/2025\/01\/phpBNyjnD_6793691044d164_38371250.webp 696w, https:\/\/impactodenoticias.com.ar\/wp-content\/uploads\/2025\/01\/phpBNyjnD_6793691044d164_38371250-300x169.webp 300w\" sizes=\"auto, (max-width: 696px) 100vw, 696px\" \/><\/figure>\n\n\n\n<p><\/p>\n\n\n\n<figure class=\"wp-block-image size-full\"><img loading=\"lazy\" decoding=\"async\" width=\"696\" height=\"391\" src=\"https:\/\/impactodenoticias.com.ar\/wp-content\/uploads\/2025\/01\/php2MZJbC_679368fc87cdc2_45144979.webp\" alt=\"\" class=\"wp-image-10457\" srcset=\"https:\/\/impactodenoticias.com.ar\/wp-content\/uploads\/2025\/01\/php2MZJbC_679368fc87cdc2_45144979.webp 696w, https:\/\/impactodenoticias.com.ar\/wp-content\/uploads\/2025\/01\/php2MZJbC_679368fc87cdc2_45144979-300x169.webp 300w\" sizes=\"auto, (max-width: 696px) 100vw, 696px\" \/><\/figure>\n\n\n\n<p><\/p>\n\n\n\n<p>De acuerdo a su testimonio, el siniestro vial se produjo cuando un autom\u00f3vil hizo una maniobra que lo encerr\u00f3, oblig\u00e1ndolo a esquivarlo violentamente lo que deriv\u00f3 en el posterior vuelco del pesado transporte.<\/p>\n\n\n\n<p>Afortunadamente, el chofer no present\u00f3 lesiones de gravedad, aunque se solicit\u00f3 la presencia de una ambulancia para evaluar si requer\u00eda ser trasladado a un Hospital.<\/p>\n\n\n\n<p>La circulaci\u00f3n por la ruta fue cortada cortada para camiones y colectivos, mientras que veh\u00edculos m\u00e1s peque\u00f1os est\u00e1n siendo desviados por la banquina.<\/p>\n\n\n\n<p>Personal policial y Bomberos de Basavilbaso y Herrera trabajaron en la zona, con ayuda de m\u00e1quinas y operarios del Municipio de Herrera, para despejar el \u00e1rea y evaluar los da\u00f1os ocasionados.<\/p>\n","protected":false},"excerpt":{"rendered":"<p>El conductor del cami&oacute;n tuvo que ser trasladado de urgencia para recibir atenci&oacute;n m&eacute;dica. El veh&iacute;culo qued&oacute; con sus ruedas hacia arriba. Un camionero fue rescatado del pesado veh&iacute;culo tras protagonizar un violento vuelco esta madrugada. El accidente vial se produjo en Ruta 39, a la altura del kil&oacute;metro 124 &frac12;, en jurisdicci&oacute;n del departamento [&hellip;]<\/p>\n","protected":false},"author":2,"featured_media":10458,"comment_status":"open","ping_status":"open","sticky":false,"template":"","format":"standard","meta":{"footnotes":""},"categories":[8,4],"tags":[545,33,109,336],"class_list":["post-10455","post","type-post","status-publish","format-standard","has-post-thumbnail","hentry","category-policiales","category-provinciales","tag-camion","tag-entre-rios","tag-ruta-39","tag-vuelco"],"_links":{"self":[{"href":"https:\/\/impactodenoticias.com.ar\/index.php?rest_route=\/wp\/v2\/posts\/10455","targetHints":{"allow":["GET"]}}],"collection":[{"href":"https:\/\/impactodenoticias.com.ar\/index.php?rest_route=\/wp\/v2\/posts"}],"about":[{"href":"https:\/\/impactodenoticias.com.ar\/index.php?rest_route=\/wp\/v2\/types\/post"}],"author":[{"embeddable":true,"href":"https:\/\/impactodenoticias.com.ar\/index.php?rest_route=\/wp\/v2\/users\/2"}],"replies":[{"embeddable":true,"href":"https:\/\/impactodenoticias.com.ar\/index.php?rest_route=%2Fwp%2Fv2%2Fcomments&post=10455"}],"version-history":[{"count":2,"href":"https:\/\/impactodenoticias.com.ar\/index.php?rest_route=\/wp\/v2\/posts\/10455\/revisions"}],"predecessor-version":[{"id":10466,"href":"https:\/\/impactodenoticias.com.ar\/index.php?rest_route=\/wp\/v2\/posts\/10455\/revisions\/10466"}],"wp:featuredmedia":[{"embeddable":true,"href":"https:\/\/impactodenoticias.com.ar\/index.php?rest_route=\/wp\/v2\/media\/10458"}],"wp:attachment":[{"href":"https:\/\/impactodenoticias.com.ar\/index.php?rest_route=%2Fwp%2Fv2%2Fmedia&parent=10455"}],"wp:term":[{"taxonomy":"category","embeddable":true,"href":"https:\/\/impactodenoticias.com.ar\/index.php?rest_route=%2Fwp%2Fv2%2Fcategories&post=10455"},{"taxonomy":"post_tag","embeddable":true,"href":"https:\/\/impactodenoticias.com.ar\/index.php?rest_route=%2Fwp%2Fv2%2Ftags&post=10455"}],"curies":[{"name":"wp","href":"https:\/\/api.w.org\/{rel}","templated":true}]}}