{"id":1046,"date":"2024-07-11T09:52:33","date_gmt":"2024-07-11T12:52:33","guid":{"rendered":"https:\/\/impactodenoticias.com.ar\/?p=1046"},"modified":"2024-07-11T09:56:19","modified_gmt":"2024-07-11T12:56:19","slug":"murio-una-nina-a-raiz-de-la-gravedad-de-las-quemaduras-sufridas-en-un-incendio-en-gualeguay","status":"publish","type":"post","link":"https:\/\/impactodenoticias.com.ar\/?p=1046","title":{"rendered":"Muri\u00f3 una ni\u00f1a a ra\u00edz de la gravedad de las quemaduras sufridas en un incendio en Gualeguay"},"content":{"rendered":"\n<p><strong>Se confirm\u00f3 el fallecimiento de una ni\u00f1a de 13 a\u00f1os en Gualeguay, debido a las quemaduras que sufri\u00f3 en un voraz incendio en una vivienda ocurrido en horas de la madrugada del mi\u00e9rcoles.<\/strong><\/p>\n\n\n\n<p>El fallecimiento de una ni\u00f1a de 13 a\u00f1os en horas de la noche del mi\u00e9rcoles, ocurri\u00f3 tras las graves quemaduras que hab\u00eda sufrido en un incendio que se produjo en horas de la madrugada de este d\u00eda en una zona rural de Gualeguay, en una vivienda del puestero de la estancia \u00abPatria Chica\u00bb, en el Boulevard Vasallo, en el camino que lleva a Puerto Ruiz.<\/p>\n\n\n\n<p>La ni\u00f1a hab\u00eda sido derivada a la terapia intensiva en el hospital San Antonio de Gualeguay, con pron\u00f3stico reservado. Sufri\u00f3 lesiones de primer y segundo grado en el 80% de su cuerpo, por lo cual necesitaba asistencia respiratoria mec\u00e1nica.<\/p>\n\n\n\n<p>Su madre y sus tres hermanos tambi\u00e9n sufrieron lesiones. La mujer ten\u00eda quemaduras de primer y segundo grado en manos y el rostro. Por otra parte, los hermanos de la peque\u00f1a fallecida afortunadamente sufrieron lesiones de menor consideraci\u00f3n.<\/p>\n\n\n\n<p>Con el paso de las horas, se pudo establecer que el incendio que afect\u00f3 la vivienda, se hab\u00eda iniciado por casualidad. Seg\u00fan indicaron los especialistas, el fuego comenz\u00f3 luego que un tronco, cayera fuera de la estufa y tomara contacto con una alfombra que se ubicaba de la misma.<\/p>\n\n\n\n<p>Por otra parte, desde la departamental Gualeguay de polic\u00eda, se inform\u00f3 que el personal de Bomberos Voluntarios sofoc\u00f3 el incendio. Trabaj\u00f3 tambi\u00e9n el personal de Criminal\u00edstica y el perito de incendios.<\/p>\n","protected":false},"excerpt":{"rendered":"<p>Se confirm&oacute; el fallecimiento de una ni&ntilde;a de 13 a&ntilde;os en Gualeguay, debido a las quemaduras que sufri&oacute; en un voraz incendio en una vivienda ocurrido en horas de la madrugada del mi&eacute;rcoles. El fallecimiento de una ni&ntilde;a de 13 a&ntilde;os en horas de la noche del mi&eacute;rcoles, ocurri&oacute; tras las graves quemaduras que hab&iacute;a [&hellip;]<\/p>\n","protected":false},"author":2,"featured_media":1049,"comment_status":"open","ping_status":"open","sticky":false,"template":"","format":"standard","meta":{"footnotes":""},"categories":[8,4],"tags":[96,501,237,499],"class_list":["post-1046","post","type-post","status-publish","format-standard","has-post-thumbnail","hentry","category-policiales","category-provinciales","tag-gualeguay","tag-indendio","tag-murio","tag-nena"],"_links":{"self":[{"href":"https:\/\/impactodenoticias.com.ar\/index.php?rest_route=\/wp\/v2\/posts\/1046","targetHints":{"allow":["GET"]}}],"collection":[{"href":"https:\/\/impactodenoticias.com.ar\/index.php?rest_route=\/wp\/v2\/posts"}],"about":[{"href":"https:\/\/impactodenoticias.com.ar\/index.php?rest_route=\/wp\/v2\/types\/post"}],"author":[{"embeddable":true,"href":"https:\/\/impactodenoticias.com.ar\/index.php?rest_route=\/wp\/v2\/users\/2"}],"replies":[{"embeddable":true,"href":"https:\/\/impactodenoticias.com.ar\/index.php?rest_route=%2Fwp%2Fv2%2Fcomments&post=1046"}],"version-history":[{"count":1,"href":"https:\/\/impactodenoticias.com.ar\/index.php?rest_route=\/wp\/v2\/posts\/1046\/revisions"}],"predecessor-version":[{"id":1048,"href":"https:\/\/impactodenoticias.com.ar\/index.php?rest_route=\/wp\/v2\/posts\/1046\/revisions\/1048"}],"wp:featuredmedia":[{"embeddable":true,"href":"https:\/\/impactodenoticias.com.ar\/index.php?rest_route=\/wp\/v2\/media\/1049"}],"wp:attachment":[{"href":"https:\/\/impactodenoticias.com.ar\/index.php?rest_route=%2Fwp%2Fv2%2Fmedia&parent=1046"}],"wp:term":[{"taxonomy":"category","embeddable":true,"href":"https:\/\/impactodenoticias.com.ar\/index.php?rest_route=%2Fwp%2Fv2%2Fcategories&post=1046"},{"taxonomy":"post_tag","embeddable":true,"href":"https:\/\/impactodenoticias.com.ar\/index.php?rest_route=%2Fwp%2Fv2%2Ftags&post=1046"}],"curies":[{"name":"wp","href":"https:\/\/api.w.org\/{rel}","templated":true}]}}