{"id":10482,"date":"2025-01-25T10:43:25","date_gmt":"2025-01-25T13:43:25","guid":{"rendered":"https:\/\/impactodenoticias.com.ar\/?p=10482"},"modified":"2025-01-25T10:43:25","modified_gmt":"2025-01-25T13:43:25","slug":"se-incremento-la-seguridad-en-la-comisaria-donde-se-encuentran-arrestados-los-tripulantes-de-la-narcoavioneta","status":"publish","type":"post","link":"https:\/\/impactodenoticias.com.ar\/?p=10482","title":{"rendered":"Se increment\u00f3 la seguridad en la comisar\u00eda donde se encuentran arrestados los tripulantes de la narcoavioneta"},"content":{"rendered":"\n<p class=\"has-medium-font-size\"><strong>Consideran la posibilidad que se produzca un intento de rescate en el lugar donde se halla la hija de uno de los jefes de la banda. La avioneta llevaba 350 kilos coca\u00edna.<\/strong><\/p>\n\n\n\n<p>Personal policial dispuso medidas de seguridad especiales en la Comisaria de Ibicuy, donde se encuentran alojados los tripulantes de la avioneta que trasladaba a personas oriundas de Bolivia y Brasil con 350 kilos de coca\u00edna.<\/p>\n\n\n\n<p>El hecho se produjo este mi\u00e9rcoles por la noche, cuando una avioneta con alrededor 350 kilos de coca\u00edna aterriz\u00f3 de emergencia en un campo ubicado a 11 kil\u00f3metros de la localidad de Holt Ibicuy.<\/p>\n\n\n\n<p>En el lugar donde aterriz\u00f3 el avi\u00f3n se encontr\u00f3 a una pareja de extranjeros, integrada por un hombre de nacionalidad brasile\u00f1a y una mujer de nacionalidad boliviana, que debi\u00f3 ser derivada a un centro de salud. Las causa est\u00e1 en manos de la justicia federal.<\/p>\n\n\n\n<p><\/p>\n\n\n\n<figure class=\"wp-block-image size-large\"><img loading=\"lazy\" decoding=\"async\" width=\"1024\" height=\"683\" src=\"https:\/\/impactodenoticias.com.ar\/wp-content\/uploads\/2025\/01\/Avioneta-Ibicuy-1024x683.webp\" alt=\"\" class=\"wp-image-10485\" srcset=\"https:\/\/impactodenoticias.com.ar\/wp-content\/uploads\/2025\/01\/Avioneta-Ibicuy-1024x683.webp 1024w, https:\/\/impactodenoticias.com.ar\/wp-content\/uploads\/2025\/01\/Avioneta-Ibicuy-300x200.webp 300w, https:\/\/impactodenoticias.com.ar\/wp-content\/uploads\/2025\/01\/Avioneta-Ibicuy-768x512.webp 768w, https:\/\/impactodenoticias.com.ar\/wp-content\/uploads\/2025\/01\/Avioneta-Ibicuy.webp 1200w\" sizes=\"auto, (max-width: 1024px) 100vw, 1024px\" \/><\/figure>\n\n\n\n<p><\/p>\n\n\n\n<p>Seg\u00fan informaron fuentes policiales a <strong>IMPACTO DE NOTICIAS,<\/strong> una vesz establecida la peligrosidad de los detenidos, \u201csobre todo la mujer que con tan solo 21 a\u00f1os de edad integrar\u00eda una banda narcocriminal, y que ser\u00eda hija de uno de los jefes en Bolivia\u201c, se resolvi\u00f3 reforzar la seguridad.<\/p>\n\n\n\n<p>Se teme que sectores vinculados a la banda intente un rescate de la joven detenida. Por este motivo, a trav\u00e9s de grupos especiales de la Polic\u00eda de Entre R\u00edos se mont\u00f3 un operativo especial sobre la comisaria hasta tanto se dispongan los alojamientos definitivos de los detenidos.<\/p>\n","protected":false},"excerpt":{"rendered":"<p>Consideran la posibilidad que se produzca un intento de rescate en el lugar donde se halla la hija de uno de los jefes de la banda. La avioneta llevaba 350 kilos coca&iacute;na. Personal policial dispuso medidas de seguridad especiales en la Comisaria de Ibicuy, donde se encuentran alojados los tripulantes de la avioneta que trasladaba [&hellip;]<\/p>\n","protected":false},"author":2,"featured_media":10484,"comment_status":"open","ping_status":"open","sticky":false,"template":"","format":"standard","meta":{"footnotes":""},"categories":[8,4],"tags":[4137,4140,74,1662,2660,2587,4162,536],"class_list":["post-10482","post","type-post","status-publish","format-standard","has-post-thumbnail","hentry","category-policiales","category-provinciales","tag-avioneta","tag-bolivianos","tag-cocaina","tag-comisaria","tag-ibicuy","tag-incrementan","tag-narcos","tag-seguridad"],"_links":{"self":[{"href":"https:\/\/impactodenoticias.com.ar\/index.php?rest_route=\/wp\/v2\/posts\/10482","targetHints":{"allow":["GET"]}}],"collection":[{"href":"https:\/\/impactodenoticias.com.ar\/index.php?rest_route=\/wp\/v2\/posts"}],"about":[{"href":"https:\/\/impactodenoticias.com.ar\/index.php?rest_route=\/wp\/v2\/types\/post"}],"author":[{"embeddable":true,"href":"https:\/\/impactodenoticias.com.ar\/index.php?rest_route=\/wp\/v2\/users\/2"}],"replies":[{"embeddable":true,"href":"https:\/\/impactodenoticias.com.ar\/index.php?rest_route=%2Fwp%2Fv2%2Fcomments&post=10482"}],"version-history":[{"count":1,"href":"https:\/\/impactodenoticias.com.ar\/index.php?rest_route=\/wp\/v2\/posts\/10482\/revisions"}],"predecessor-version":[{"id":10486,"href":"https:\/\/impactodenoticias.com.ar\/index.php?rest_route=\/wp\/v2\/posts\/10482\/revisions\/10486"}],"wp:featuredmedia":[{"embeddable":true,"href":"https:\/\/impactodenoticias.com.ar\/index.php?rest_route=\/wp\/v2\/media\/10484"}],"wp:attachment":[{"href":"https:\/\/impactodenoticias.com.ar\/index.php?rest_route=%2Fwp%2Fv2%2Fmedia&parent=10482"}],"wp:term":[{"taxonomy":"category","embeddable":true,"href":"https:\/\/impactodenoticias.com.ar\/index.php?rest_route=%2Fwp%2Fv2%2Fcategories&post=10482"},{"taxonomy":"post_tag","embeddable":true,"href":"https:\/\/impactodenoticias.com.ar\/index.php?rest_route=%2Fwp%2Fv2%2Ftags&post=10482"}],"curies":[{"name":"wp","href":"https:\/\/api.w.org\/{rel}","templated":true}]}}