{"id":10493,"date":"2025-01-25T11:03:56","date_gmt":"2025-01-25T14:03:56","guid":{"rendered":"https:\/\/impactodenoticias.com.ar\/?p=10493"},"modified":"2025-01-25T11:03:58","modified_gmt":"2025-01-25T14:03:58","slug":"arrestaron-a-un-sujeto-armado-en-cercania-de-la-terminal-de-micros-de-parana","status":"publish","type":"post","link":"https:\/\/impactodenoticias.com.ar\/?p=10493","title":{"rendered":"Arrestaron a un sujeto armado en cercan\u00eda de la Terminal de micros de Paran\u00e1"},"content":{"rendered":"\n<h2 class=\"wp-block-heading\">La Polic\u00eda trato de identificar a dos j\u00f3venes que se encontraban en una moto, sin embargo solo pudo detener a uno de ellos, quien pose\u00eda un rev\u00f3lver.<\/h2>\n\n\n\n<p>El personal policial detuvo a un hombre con un arma de fuego, este jueves por la noche en Paran\u00e1. El procedimiento se desarroll\u00f3 cuando quisieron identificar a dos personas que se encontraban a bordo de una motocicleta en la Plaza Mart\u00edn Fierro de la Terminal de \u00d3mnibus.<\/p>\n\n\n\n<p>Ante el accionar policial los individuos trataron de darse a la fuga, no obstante se logr\u00f3 demorar a uno de ellos, y el otro sujeto logr\u00f3 escapar del lugar.<\/p>\n\n\n\n<p>El joven identificado tiene 19 a\u00f1os. En el palpado se le localiz\u00f3 un arma de fuego tipo rev\u00f3lver calibre .22 LR. Por disposici\u00f3n de la fiscal\u00eda de turno fue alojado en Alcaid\u00eda de tribunales por el delito \u201cTenencia Ilegal de Arma de fuego\u201d.<\/p>\n","protected":false},"excerpt":{"rendered":"<p>La Polic&iacute;a trato de identificar a dos j&oacute;venes que se encontraban en una moto, sin embargo solo pudo detener a uno de ellos, quien pose&iacute;a un rev&oacute;lver. El personal policial detuvo a un hombre con un arma de fuego, este jueves por la noche en Paran&aacute;. El procedimiento se desarroll&oacute; cuando quisieron identificar a dos [&hellip;]<\/p>\n","protected":false},"author":2,"featured_media":10494,"comment_status":"open","ping_status":"open","sticky":false,"template":"","format":"standard","meta":{"footnotes":""},"categories":[3,8],"tags":[1108,2284,459,137,95,718,3135],"class_list":["post-10493","post","type-post","status-publish","format-standard","has-post-thumbnail","hentry","category-locales","category-policiales","tag-arma","tag-detuvieron","tag-fuego","tag-joven","tag-parana","tag-terminal","tag-zona"],"_links":{"self":[{"href":"https:\/\/impactodenoticias.com.ar\/index.php?rest_route=\/wp\/v2\/posts\/10493","targetHints":{"allow":["GET"]}}],"collection":[{"href":"https:\/\/impactodenoticias.com.ar\/index.php?rest_route=\/wp\/v2\/posts"}],"about":[{"href":"https:\/\/impactodenoticias.com.ar\/index.php?rest_route=\/wp\/v2\/types\/post"}],"author":[{"embeddable":true,"href":"https:\/\/impactodenoticias.com.ar\/index.php?rest_route=\/wp\/v2\/users\/2"}],"replies":[{"embeddable":true,"href":"https:\/\/impactodenoticias.com.ar\/index.php?rest_route=%2Fwp%2Fv2%2Fcomments&post=10493"}],"version-history":[{"count":1,"href":"https:\/\/impactodenoticias.com.ar\/index.php?rest_route=\/wp\/v2\/posts\/10493\/revisions"}],"predecessor-version":[{"id":10495,"href":"https:\/\/impactodenoticias.com.ar\/index.php?rest_route=\/wp\/v2\/posts\/10493\/revisions\/10495"}],"wp:featuredmedia":[{"embeddable":true,"href":"https:\/\/impactodenoticias.com.ar\/index.php?rest_route=\/wp\/v2\/media\/10494"}],"wp:attachment":[{"href":"https:\/\/impactodenoticias.com.ar\/index.php?rest_route=%2Fwp%2Fv2%2Fmedia&parent=10493"}],"wp:term":[{"taxonomy":"category","embeddable":true,"href":"https:\/\/impactodenoticias.com.ar\/index.php?rest_route=%2Fwp%2Fv2%2Fcategories&post=10493"},{"taxonomy":"post_tag","embeddable":true,"href":"https:\/\/impactodenoticias.com.ar\/index.php?rest_route=%2Fwp%2Fv2%2Ftags&post=10493"}],"curies":[{"name":"wp","href":"https:\/\/api.w.org\/{rel}","templated":true}]}}