{"id":10502,"date":"2025-01-25T19:22:27","date_gmt":"2025-01-25T22:22:27","guid":{"rendered":"https:\/\/impactodenoticias.com.ar\/?p=10502"},"modified":"2025-01-27T11:06:40","modified_gmt":"2025-01-27T14:06:40","slug":"tragedia-vial-en-brasil-una-familia-oriunda-parana-choco-en-brasil-y-murio-un-nino-de-3-anos","status":"publish","type":"post","link":"https:\/\/impactodenoticias.com.ar\/?p=10502","title":{"rendered":"Tragedia vial en Brasil: una familia oriunda Paran\u00e1 choc\u00f3 en Brasil y muri\u00f3 un ni\u00f1o de 3 a\u00f1os"},"content":{"rendered":"\n<h2 class=\"wp-block-heading\">Una familia de Paran\u00e1 protagoniz\u00f3 un impactante choque en Brasil y producto del impacto falleci\u00f3 un ni\u00f1o de 3 a\u00f1os. El fatal siniestro vial ocurri\u00f3 este viernes en la BR-290, entre Vila Nova do Sul y S\u00e3o Sep\u00e9. Se dio a conocer la identidad del ni\u00f1o fallecido.<\/h2>\n\n\n\n<p>Su madre y su pareja fueron internados con graves heridas y hay m\u00e1s paranaenses con heridas. Seg\u00fan supo IMPACTO DE NOTICIAS, no pudieron evitar la colisi\u00f3n contra el acoplado de un cami\u00f3n.<\/p>\n\n\n\n<p>Seg\u00fan los medios locales, el accident3e vial se produjo cerca de las 19. Los heridos, fueron trasladados de urgencia para recibir atenci\u00f3n m\u00e9dica.<\/p>\n\n\n\n<p>El ni\u00f1o fallecido fue identificado como Felipe Rafael Almada, de 3 a\u00f1os, quien perdi\u00f3 la vida en el acto. Medios brasile\u00f1os confirmaron la identidad del peque\u00f1o, que viajaba en un auto modelo Corsa junto a su madre, su pareja y una amiga de ambos.<\/p>\n\n\n\n<p>Seg\u00fan confirm\u00f3 este medio, la madre y su amiga, de 31 a\u00f1os, se encuentran internadas con heridas de gravedad pero sus vidas no correr\u00edan peligro. Por su parte el conductor, de 28, pareja de la mam\u00e1 de Felipe, sufri\u00f3 la fractura en una de sus piernas.<\/p>\n\n\n\n<p><strong>Agradecen la ayuda econ\u00f3mica recibida por la familia del nene de Paran\u00e1 fallecido en el accidente en Brasil<\/strong><\/p>\n\n\n\n<p>Por medio de las redes, aseguraron que ya cuentan con fondos suficientes. Agradecieron adem\u00e1s el \u00abapoyo espiritual\u00bb, recibido.<\/p>\n\n\n\n<p><\/p>\n\n\n\n<figure class=\"wp-block-image size-full\"><img loading=\"lazy\" decoding=\"async\" width=\"696\" height=\"696\" src=\"https:\/\/impactodenoticias.com.ar\/wp-content\/uploads\/2025\/01\/Felipe-Almada.webp\" alt=\"\" class=\"wp-image-10503\" srcset=\"https:\/\/impactodenoticias.com.ar\/wp-content\/uploads\/2025\/01\/Felipe-Almada.webp 696w, https:\/\/impactodenoticias.com.ar\/wp-content\/uploads\/2025\/01\/Felipe-Almada-300x300.webp 300w, https:\/\/impactodenoticias.com.ar\/wp-content\/uploads\/2025\/01\/Felipe-Almada-150x150.webp 150w\" sizes=\"auto, (max-width: 696px) 100vw, 696px\" \/><\/figure>\n\n\n\n<p><\/p>\n\n\n\n<p>La familia de Felipe Almada, el nene de 3 a\u00f1os oriundo de Paran\u00e1 que falleci\u00f3 en un accidente vial en Brasil, dio a conocer que ya han recaudado suficientes fondos para los gastos derivados del tr\u00e1gico suceso en el vecino pa\u00eds.<\/p>\n\n\n\n<p>A trav\u00e9s de un mensaje difundido en las redes sociales, manifestaron: \u201cQueremos agradecer el apoyo espiritual y material de las miles de personas que se han hecho presentes en estos momentos dif\u00edciles\u201d. Y agregaron: \u201cEn cuanto al dinero recaudado creemos que es suficiente para los gastos que puede conllevar todo esto. Si en alg\u00fan momento lo vemos necesario, pondremos otra vez la cuenta de ayuda a disposici\u00f3n\u201d.<\/p>\n\n\n\n<p>Desde el entorno del peque\u00f1o destacaron adem\u00e1s: \u201cEn cuanto al apoyo espiritual, podemos seguir pidiendo a Dios la fortaleza para luchar y superar tan grande p\u00e9rdida\u201d. Y finalizaron: \u201cTenemos un angelito en el cielo que nos abraza y est\u00e1 con cada uno de nosotros\u201d, se\u00f1alaron.<\/p>\n","protected":false},"excerpt":{"rendered":"<p>Una familia de Paran&aacute; protagoniz&oacute; un impactante choque en Brasil y producto del impacto falleci&oacute; un ni&ntilde;o de 3 a&ntilde;os. El fatal siniestro vial ocurri&oacute; este viernes en la BR-290, entre Vila Nova do Sul y S&atilde;o Sep&eacute;. Se dio a conocer la identidad del ni&ntilde;o fallecido. Su madre y su pareja fueron internados con [&hellip;]<\/p>\n","protected":false},"author":2,"featured_media":10504,"comment_status":"open","ping_status":"open","sticky":false,"template":"","format":"standard","meta":{"footnotes":""},"categories":[8,4],"tags":[120,1776,4165,640,503,1952],"class_list":["post-10502","post","type-post","status-publish","format-standard","has-post-thumbnail","hentry","category-policiales","category-provinciales","tag-accidente","tag-brasil","tag-felipe-almada","tag-muere","tag-nino","tag-paranaense"],"_links":{"self":[{"href":"https:\/\/impactodenoticias.com.ar\/index.php?rest_route=\/wp\/v2\/posts\/10502","targetHints":{"allow":["GET"]}}],"collection":[{"href":"https:\/\/impactodenoticias.com.ar\/index.php?rest_route=\/wp\/v2\/posts"}],"about":[{"href":"https:\/\/impactodenoticias.com.ar\/index.php?rest_route=\/wp\/v2\/types\/post"}],"author":[{"embeddable":true,"href":"https:\/\/impactodenoticias.com.ar\/index.php?rest_route=\/wp\/v2\/users\/2"}],"replies":[{"embeddable":true,"href":"https:\/\/impactodenoticias.com.ar\/index.php?rest_route=%2Fwp%2Fv2%2Fcomments&post=10502"}],"version-history":[{"count":1,"href":"https:\/\/impactodenoticias.com.ar\/index.php?rest_route=\/wp\/v2\/posts\/10502\/revisions"}],"predecessor-version":[{"id":10505,"href":"https:\/\/impactodenoticias.com.ar\/index.php?rest_route=\/wp\/v2\/posts\/10502\/revisions\/10505"}],"wp:featuredmedia":[{"embeddable":true,"href":"https:\/\/impactodenoticias.com.ar\/index.php?rest_route=\/wp\/v2\/media\/10504"}],"wp:attachment":[{"href":"https:\/\/impactodenoticias.com.ar\/index.php?rest_route=%2Fwp%2Fv2%2Fmedia&parent=10502"}],"wp:term":[{"taxonomy":"category","embeddable":true,"href":"https:\/\/impactodenoticias.com.ar\/index.php?rest_route=%2Fwp%2Fv2%2Fcategories&post=10502"},{"taxonomy":"post_tag","embeddable":true,"href":"https:\/\/impactodenoticias.com.ar\/index.php?rest_route=%2Fwp%2Fv2%2Ftags&post=10502"}],"curies":[{"name":"wp","href":"https:\/\/api.w.org\/{rel}","templated":true}]}}