{"id":10513,"date":"2025-01-25T19:45:09","date_gmt":"2025-01-25T22:45:09","guid":{"rendered":"https:\/\/impactodenoticias.com.ar\/?p=10513"},"modified":"2025-01-25T19:45:09","modified_gmt":"2025-01-25T22:45:09","slug":"patronato-ficho-un-nuevo-arquero","status":"publish","type":"post","link":"https:\/\/impactodenoticias.com.ar\/?p=10513","title":{"rendered":"Patronato fich\u00f3 un nuevo arquero"},"content":{"rendered":"\n<h2 class=\"wp-block-heading\">Juan Pablo Mazza se convirti\u00f3 en el d\u00e9cimo refuerzo que adquiri\u00f3 el equipo entrerriano. Viene de jugar en Santamarina.<\/h2>\n\n\n\n<p>Juan Pablo Mazza se convirti\u00f3 en refuerzo de Patronato para jugar la Primera Nacional.<\/p>\n\n\n\n<p>El arquero de 27 a\u00f1os viene de jugar en Santamarina de Tandil y es la d\u00e9cima incorporaci\u00f3n del elenco Rojinegro.<\/p>\n\n\n\n<p>Patronato debutar\u00e1 el 8 de febrero ante Los Andes de visitante desde las 17.<\/p>\n\n\n\n<p>Este s\u00e1bado venci\u00f3 a la Reserva de Rosario Central por 5 a 0 y 5 a 1 en los dos amistosos diputados en el Grella.<\/p>\n","protected":false},"excerpt":{"rendered":"<p>Juan Pablo Mazza se convirti&oacute; en el d&eacute;cimo refuerzo que adquiri&oacute; el equipo entrerriano. Viene de jugar en Santamarina. Juan Pablo Mazza se convirti&oacute; en refuerzo de Patronato para jugar la Primera Nacional. El arquero de 27 a&ntilde;os viene de jugar en Santamarina de Tandil y es la d&eacute;cima incorporaci&oacute;n del elenco Rojinegro. Patronato debutar&aacute; [&hellip;]<\/p>\n","protected":false},"author":2,"featured_media":10514,"comment_status":"open","ping_status":"open","sticky":false,"template":"","format":"standard","meta":{"footnotes":""},"categories":[7,4],"tags":[4167,4168,95,233],"class_list":["post-10513","post","type-post","status-publish","format-standard","has-post-thumbnail","hentry","category-deportes","category-provinciales","tag-arquero","tag-juan-pablo-mazza","tag-parana","tag-patronato"],"_links":{"self":[{"href":"https:\/\/impactodenoticias.com.ar\/index.php?rest_route=\/wp\/v2\/posts\/10513","targetHints":{"allow":["GET"]}}],"collection":[{"href":"https:\/\/impactodenoticias.com.ar\/index.php?rest_route=\/wp\/v2\/posts"}],"about":[{"href":"https:\/\/impactodenoticias.com.ar\/index.php?rest_route=\/wp\/v2\/types\/post"}],"author":[{"embeddable":true,"href":"https:\/\/impactodenoticias.com.ar\/index.php?rest_route=\/wp\/v2\/users\/2"}],"replies":[{"embeddable":true,"href":"https:\/\/impactodenoticias.com.ar\/index.php?rest_route=%2Fwp%2Fv2%2Fcomments&post=10513"}],"version-history":[{"count":1,"href":"https:\/\/impactodenoticias.com.ar\/index.php?rest_route=\/wp\/v2\/posts\/10513\/revisions"}],"predecessor-version":[{"id":10515,"href":"https:\/\/impactodenoticias.com.ar\/index.php?rest_route=\/wp\/v2\/posts\/10513\/revisions\/10515"}],"wp:featuredmedia":[{"embeddable":true,"href":"https:\/\/impactodenoticias.com.ar\/index.php?rest_route=\/wp\/v2\/media\/10514"}],"wp:attachment":[{"href":"https:\/\/impactodenoticias.com.ar\/index.php?rest_route=%2Fwp%2Fv2%2Fmedia&parent=10513"}],"wp:term":[{"taxonomy":"category","embeddable":true,"href":"https:\/\/impactodenoticias.com.ar\/index.php?rest_route=%2Fwp%2Fv2%2Fcategories&post=10513"},{"taxonomy":"post_tag","embeddable":true,"href":"https:\/\/impactodenoticias.com.ar\/index.php?rest_route=%2Fwp%2Fv2%2Ftags&post=10513"}],"curies":[{"name":"wp","href":"https:\/\/api.w.org\/{rel}","templated":true}]}}