{"id":10516,"date":"2025-01-26T10:39:12","date_gmt":"2025-01-26T13:39:12","guid":{"rendered":"https:\/\/impactodenoticias.com.ar\/?p=10516"},"modified":"2025-01-26T10:39:18","modified_gmt":"2025-01-26T13:39:18","slug":"clima-en-entre-rios-llegan-las-lluvias-y-algo-de-alivio-a-la-provincia","status":"publish","type":"post","link":"https:\/\/impactodenoticias.com.ar\/?p=10516","title":{"rendered":"Clima en Entre R\u00edos: llegan las lluvias y algo de alivio a la provincia"},"content":{"rendered":"\n<h2 class=\"wp-block-heading\">El Servicio Meteorol\u00f3gico Nacional (SMN), pronostica la llegada de tres d\u00edas con inestabilidades en Entre R\u00edos, lo que generar\u00eda una leve baja en las altas temperaturas reinantes.<\/h2>\n\n\n\n<p>El Servicio Meteorol\u00f3gico Nacional -SMN- anuncia tres d\u00edas con inestabilidad en aumento y la llegada de tormentas, lluvias y chaparrones para Entre R\u00edos. No obstante la baja en las temperaturas, esto no ser\u00e1 duradero y volver\u00edan las marcas t\u00e9rmicas agobiantes.<\/p>\n\n\n\n<p>Seg\u00fan el pron\u00f3stico del organismo estatal, se esperan lluvias para domingo, lunes y martes en Entre R\u00edos. Los fen\u00f3menos ser\u00e1n de mayor intensidad en la costa del R\u00edo Paran\u00e1, mientyras que la inestabilidad decrece desde el centro hacia el Este de la provincia.<\/p>\n\n\n\n<p>No obstante, las temperaturas se mantendr\u00e1n elevadas en la regi\u00f3n, con registros m\u00e1ximas que se ubicar\u00e1n por encima de los 30 \u00b0C y tendr\u00e1n picos de hasta 35 \u00b0C durante la semana.<\/p>\n\n\n\n<p class=\"has-medium-font-size\"><strong>Clima en las principales ciudades entrerrianas para este domingo 26 de enero seg\u00fan el sitio Meteored.<\/strong><\/p>\n\n\n\n<p><\/p>\n\n\n\n<figure class=\"wp-block-image size-full\"><img loading=\"lazy\" decoding=\"async\" width=\"681\" height=\"555\" src=\"https:\/\/impactodenoticias.com.ar\/wp-content\/uploads\/2025\/01\/scrnli_wcdZYxUSkNZVQH.png\" alt=\"\" class=\"wp-image-10517\" srcset=\"https:\/\/impactodenoticias.com.ar\/wp-content\/uploads\/2025\/01\/scrnli_wcdZYxUSkNZVQH.png 681w, https:\/\/impactodenoticias.com.ar\/wp-content\/uploads\/2025\/01\/scrnli_wcdZYxUSkNZVQH-300x244.png 300w\" sizes=\"auto, (max-width: 681px) 100vw, 681px\" \/><\/figure>\n\n\n\n<p><\/p>\n\n\n\n<p>En Paran\u00e1 se pronostica una m\u00ednima de 24 grados y una m\u00e1xima de 34 grados. Se esperan tormentas aisladas, con probabilidad de hasta 70% por la tarde.<\/p>\n\n\n\n<p>Mientras que en Concordia, se anuncian condiciones meteorol\u00f3gicas similares. Con un term\u00f3metro que tocar\u00e1 los 34 grados, se registrar\u00edan inestabilidades pasado el mediod\u00eda y hasta la madrugada del lunes.<\/p>\n\n\n\n<p>Mientras que en Gualeguaych\u00fa, se aguarda una m\u00ednima de 21 grados y una m\u00e1xima de 31 grados. Sobre la tarde-noche se desatar\u00edan lluvias aisladas y tormentas.<\/p>\n","protected":false},"excerpt":{"rendered":"<p>El Servicio Meteorol&oacute;gico Nacional (SMN), pronostica la llegada de tres d&iacute;as con inestabilidades en Entre R&iacute;os, lo que generar&iacute;a una leve baja en las altas temperaturas reinantes. El Servicio Meteorol&oacute;gico Nacional -SMN- anuncia tres d&iacute;as con inestabilidad en aumento y la llegada de tormentas, lluvias y chaparrones para Entre R&iacute;os. No obstante la baja en [&hellip;]<\/p>\n","protected":false},"author":2,"featured_media":10518,"comment_status":"open","ping_status":"open","sticky":false,"template":"","format":"standard","meta":{"footnotes":""},"categories":[4,49],"tags":[38,33],"class_list":["post-10516","post","type-post","status-publish","format-standard","has-post-thumbnail","hentry","category-provinciales","category-sociedad","tag-clima","tag-entre-rios"],"_links":{"self":[{"href":"https:\/\/impactodenoticias.com.ar\/index.php?rest_route=\/wp\/v2\/posts\/10516","targetHints":{"allow":["GET"]}}],"collection":[{"href":"https:\/\/impactodenoticias.com.ar\/index.php?rest_route=\/wp\/v2\/posts"}],"about":[{"href":"https:\/\/impactodenoticias.com.ar\/index.php?rest_route=\/wp\/v2\/types\/post"}],"author":[{"embeddable":true,"href":"https:\/\/impactodenoticias.com.ar\/index.php?rest_route=\/wp\/v2\/users\/2"}],"replies":[{"embeddable":true,"href":"https:\/\/impactodenoticias.com.ar\/index.php?rest_route=%2Fwp%2Fv2%2Fcomments&post=10516"}],"version-history":[{"count":1,"href":"https:\/\/impactodenoticias.com.ar\/index.php?rest_route=\/wp\/v2\/posts\/10516\/revisions"}],"predecessor-version":[{"id":10519,"href":"https:\/\/impactodenoticias.com.ar\/index.php?rest_route=\/wp\/v2\/posts\/10516\/revisions\/10519"}],"wp:featuredmedia":[{"embeddable":true,"href":"https:\/\/impactodenoticias.com.ar\/index.php?rest_route=\/wp\/v2\/media\/10518"}],"wp:attachment":[{"href":"https:\/\/impactodenoticias.com.ar\/index.php?rest_route=%2Fwp%2Fv2%2Fmedia&parent=10516"}],"wp:term":[{"taxonomy":"category","embeddable":true,"href":"https:\/\/impactodenoticias.com.ar\/index.php?rest_route=%2Fwp%2Fv2%2Fcategories&post=10516"},{"taxonomy":"post_tag","embeddable":true,"href":"https:\/\/impactodenoticias.com.ar\/index.php?rest_route=%2Fwp%2Fv2%2Ftags&post=10516"}],"curies":[{"name":"wp","href":"https:\/\/api.w.org\/{rel}","templated":true}]}}