{"id":10520,"date":"2025-01-26T10:44:53","date_gmt":"2025-01-26T13:44:53","guid":{"rendered":"https:\/\/impactodenoticias.com.ar\/?p=10520"},"modified":"2025-01-26T10:44:53","modified_gmt":"2025-01-26T13:44:53","slug":"nueva-tragedia-vial-en-entre-rios-fallecio-un-hombre-y-se-registro-un-herido-grave","status":"publish","type":"post","link":"https:\/\/impactodenoticias.com.ar\/?p=10520","title":{"rendered":"Nueva tragedia vial en Entre R\u00edos: falleci\u00f3 un hombre y se registr\u00f3 un herido grave"},"content":{"rendered":"\n<h2 class=\"wp-block-heading\">Una camioneta choc\u00f3 de atr\u00e1s a un auto en la ruta y el violento impacto provoc\u00f3 una v\u00edctima fatal. El acompa\u00f1ante del veh\u00edculo termin\u00f3 internado en terapia intensiva.<\/h2>\n\n\n\n<p>Un hombre muri\u00f3 y otro result\u00f3 con graves heridas en un accidente vial ocurrido en Ruta 12. El siniestro vial se produjo en horas de la noche de este s\u00e1bado, en jurisdicci\u00f3n del departamento Tala.<\/p>\n\n\n\n<p>Seg\u00fan se inform\u00f3, el accidente vial sucedi\u00f3 a la altura del kil\u00f3metro 282 de la Ruta 12, cerca de Gobernador Mansilla.<\/p>\n\n\n\n<p>Una camioneta Ford Ranger, conducida por un hombre oriundo de Mansilla, impact\u00f3 desde atr\u00e1s a un Renault 12, en el que viajaban dos personas mayores provenientes de la localidad de Arroyo Cl\u00e9.<\/p>\n\n\n\n<p>Debio a la violencia del impacto, el autom\u00f3vil despist\u00f3, volc\u00f3 y provoc\u00f3 la ca\u00edda del acompa\u00f1ante, que muri\u00f3 en el acto. El otro hombre que iba en el auto fue trasladado de urgencia con lesiones graves al hospital de Gualeguay y tuvo que ser internado en terapia intensiva.<\/p>\n\n\n\n<p>Personal de Comisar\u00eda Mansilla y Fiscal\u00eda de Tala, intervinieron para determinar las causas del siniestro vial.<\/p>\n","protected":false},"excerpt":{"rendered":"<p>Una camioneta choc&oacute; de atr&aacute;s a un auto en la ruta y el violento impacto provoc&oacute; una v&iacute;ctima fatal. El acompa&ntilde;ante del veh&iacute;culo termin&oacute; internado en terapia intensiva. Un hombre muri&oacute; y otro result&oacute; con graves heridas en un accidente vial ocurrido en Ruta 12. El siniestro vial se produjo en horas de la noche [&hellip;]<\/p>\n","protected":false},"author":2,"featured_media":10521,"comment_status":"open","ping_status":"open","sticky":false,"template":"","format":"standard","meta":{"footnotes":""},"categories":[8,4],"tags":[120,33,119,2199,457,293],"class_list":["post-10520","post","type-post","status-publish","format-standard","has-post-thumbnail","hentry","category-policiales","category-provinciales","tag-accidente","tag-entre-rios","tag-fatal","tag-gobernador-mansilla","tag-muerto","tag-ruta-12"],"_links":{"self":[{"href":"https:\/\/impactodenoticias.com.ar\/index.php?rest_route=\/wp\/v2\/posts\/10520","targetHints":{"allow":["GET"]}}],"collection":[{"href":"https:\/\/impactodenoticias.com.ar\/index.php?rest_route=\/wp\/v2\/posts"}],"about":[{"href":"https:\/\/impactodenoticias.com.ar\/index.php?rest_route=\/wp\/v2\/types\/post"}],"author":[{"embeddable":true,"href":"https:\/\/impactodenoticias.com.ar\/index.php?rest_route=\/wp\/v2\/users\/2"}],"replies":[{"embeddable":true,"href":"https:\/\/impactodenoticias.com.ar\/index.php?rest_route=%2Fwp%2Fv2%2Fcomments&post=10520"}],"version-history":[{"count":1,"href":"https:\/\/impactodenoticias.com.ar\/index.php?rest_route=\/wp\/v2\/posts\/10520\/revisions"}],"predecessor-version":[{"id":10522,"href":"https:\/\/impactodenoticias.com.ar\/index.php?rest_route=\/wp\/v2\/posts\/10520\/revisions\/10522"}],"wp:featuredmedia":[{"embeddable":true,"href":"https:\/\/impactodenoticias.com.ar\/index.php?rest_route=\/wp\/v2\/media\/10521"}],"wp:attachment":[{"href":"https:\/\/impactodenoticias.com.ar\/index.php?rest_route=%2Fwp%2Fv2%2Fmedia&parent=10520"}],"wp:term":[{"taxonomy":"category","embeddable":true,"href":"https:\/\/impactodenoticias.com.ar\/index.php?rest_route=%2Fwp%2Fv2%2Fcategories&post=10520"},{"taxonomy":"post_tag","embeddable":true,"href":"https:\/\/impactodenoticias.com.ar\/index.php?rest_route=%2Fwp%2Fv2%2Ftags&post=10520"}],"curies":[{"name":"wp","href":"https:\/\/api.w.org\/{rel}","templated":true}]}}