{"id":10530,"date":"2025-01-26T19:24:34","date_gmt":"2025-01-26T22:24:34","guid":{"rendered":"https:\/\/impactodenoticias.com.ar\/?p=10530"},"modified":"2025-01-27T11:06:27","modified_gmt":"2025-01-27T14:06:27","slug":"accidente-fatal-en-brasil-ultimo-parte-medico-de-quienes-viajaban-con-felipe","status":"publish","type":"post","link":"https:\/\/impactodenoticias.com.ar\/?p=10530","title":{"rendered":"Accidente fatal en Brasil: \u00faltimo parte m\u00e9dico de quienes viajaban con Felipe"},"content":{"rendered":"\n<h2 class=\"wp-block-heading\">Las \u00faltimas novedades sobre el estado de salud de la mam\u00e1 de Felipe, su pareja y la amiga, quienes viajaban junto al ni\u00f1o de Paran\u00e1 fallecido en el choque.<\/h2>\n\n\n\n<p>Familiares de Felipe Almada, el ni\u00f1o de Paran\u00e1 de 3 a\u00f1os que muri\u00f3 en la tragedia vial en Brasil, precisaron cual es el estado de salud de su mam\u00e1 Mar\u00eda Nelly Nazareth Martinoli, su pareja Giuliano Di Camillo y Antonella Bona, la amiga de ambos que viajaba con ellos en el auto al momento del choque.<\/p>\n\n\n\n<p>Seg\u00fan se inform\u00f3, \u201cMaru ya est\u00e1 en sala, recuper\u00e1ndose de a poquito\u201d y \u201cGiuliano tiene una pierna fracturada pero est\u00e1 consciente y l\u00facido\u201d.<\/p>\n\n\n\n<p>Mientras que \u201cAnto se encuentra en terapia para control\u201d. Seg\u00fan la \u00faltima informaci\u00f3n brindada por los m\u00e9dicos, a la amiga de la pareja \u201cle hicieron una tomograf\u00eda y sigue en observaci\u00f3n\u201d.<\/p>\n\n\n\n<p>Los tres permanecen internados y \u201cest\u00e1n siendo muy bien atendidos\u201d. \u201cLos pap\u00e1s de los tres est\u00e1n con ellos\u201d, a\u00f1adieron.<\/p>\n\n\n\n<p>La madre del ni\u00f1o fallecido es Mar\u00eda Nelly Nazareth Martinoli. Tiene 31 a\u00f1os al igual que su amiga, Antonella Bona, quien viajaba dentro del mismo auto. El veh\u00edculo era conducido por Giuliano Di Camillo, de 28, cuya familia acompa\u00f1aba el viaje a Brasil en otros veh\u00edculos.<\/p>\n\n\n\n<p><\/p>\n\n\n\n<figure class=\"wp-block-image size-full\"><img loading=\"lazy\" decoding=\"async\" width=\"1024\" height=\"571\" src=\"https:\/\/impactodenoticias.com.ar\/wp-content\/uploads\/2025\/01\/choque-nino-parana-brasil-1.webp\" alt=\"\" class=\"wp-image-10531\" srcset=\"https:\/\/impactodenoticias.com.ar\/wp-content\/uploads\/2025\/01\/choque-nino-parana-brasil-1.webp 1024w, https:\/\/impactodenoticias.com.ar\/wp-content\/uploads\/2025\/01\/choque-nino-parana-brasil-1-300x167.webp 300w, https:\/\/impactodenoticias.com.ar\/wp-content\/uploads\/2025\/01\/choque-nino-parana-brasil-1-768x428.webp 768w\" sizes=\"auto, (max-width: 1024px) 100vw, 1024px\" \/><\/figure>\n\n\n\n<p><\/p>\n\n\n\n<p>La reconstrucci\u00f3n del episodio realizada por medios brasile\u00f1os de la zona, se\u00f1ala que un camionero debi\u00f3 frenar de manera intempestiva debido a un embotellamiento de veh\u00edculos.<\/p>\n\n\n\n<p>El acoplado qued\u00f3 en forma perpendicular a la cabina y produjo un efecto que com\u00fanmente se denomina \u201cen L\u201d.<\/p>\n\n\n\n<p>Por esta situaci\u00f3n, al auto en el que se dirig\u00edan Felipe y su familia le fue imposible evitar la colisi\u00f3n. No obstante, aun falta investigar circunstancias del accidente vial.<\/p>\n","protected":false},"excerpt":{"rendered":"<p>Las &uacute;ltimas novedades sobre el estado de salud de la mam&aacute; de Felipe, su pareja y la amiga, quienes viajaban junto al ni&ntilde;o de Paran&aacute; fallecido en el choque. Familiares de Felipe Almada, el ni&ntilde;o de Paran&aacute; de 3 a&ntilde;os que muri&oacute; en la tragedia vial en Brasil, precisaron cual es el estado de salud [&hellip;]<\/p>\n","protected":false},"author":2,"featured_media":10532,"comment_status":"open","ping_status":"open","sticky":false,"template":"","format":"standard","meta":{"footnotes":""},"categories":[8,49],"tags":[120,1776,122,490,4165,1127],"class_list":["post-10530","post","type-post","status-publish","format-standard","has-post-thumbnail","hentry","category-policiales","category-sociedad","tag-accidente","tag-brasil","tag-estado","tag-familiares","tag-felipe-almada","tag-salud"],"_links":{"self":[{"href":"https:\/\/impactodenoticias.com.ar\/index.php?rest_route=\/wp\/v2\/posts\/10530","targetHints":{"allow":["GET"]}}],"collection":[{"href":"https:\/\/impactodenoticias.com.ar\/index.php?rest_route=\/wp\/v2\/posts"}],"about":[{"href":"https:\/\/impactodenoticias.com.ar\/index.php?rest_route=\/wp\/v2\/types\/post"}],"author":[{"embeddable":true,"href":"https:\/\/impactodenoticias.com.ar\/index.php?rest_route=\/wp\/v2\/users\/2"}],"replies":[{"embeddable":true,"href":"https:\/\/impactodenoticias.com.ar\/index.php?rest_route=%2Fwp%2Fv2%2Fcomments&post=10530"}],"version-history":[{"count":2,"href":"https:\/\/impactodenoticias.com.ar\/index.php?rest_route=\/wp\/v2\/posts\/10530\/revisions"}],"predecessor-version":[{"id":10543,"href":"https:\/\/impactodenoticias.com.ar\/index.php?rest_route=\/wp\/v2\/posts\/10530\/revisions\/10543"}],"wp:featuredmedia":[{"embeddable":true,"href":"https:\/\/impactodenoticias.com.ar\/index.php?rest_route=\/wp\/v2\/media\/10532"}],"wp:attachment":[{"href":"https:\/\/impactodenoticias.com.ar\/index.php?rest_route=%2Fwp%2Fv2%2Fmedia&parent=10530"}],"wp:term":[{"taxonomy":"category","embeddable":true,"href":"https:\/\/impactodenoticias.com.ar\/index.php?rest_route=%2Fwp%2Fv2%2Fcategories&post=10530"},{"taxonomy":"post_tag","embeddable":true,"href":"https:\/\/impactodenoticias.com.ar\/index.php?rest_route=%2Fwp%2Fv2%2Ftags&post=10530"}],"curies":[{"name":"wp","href":"https:\/\/api.w.org\/{rel}","templated":true}]}}