{"id":10534,"date":"2025-01-26T19:29:45","date_gmt":"2025-01-26T22:29:45","guid":{"rendered":"https:\/\/impactodenoticias.com.ar\/?p=10534"},"modified":"2025-01-26T19:51:46","modified_gmt":"2025-01-26T22:51:46","slug":"quiso-bajarse-de-un-auto-en-movimiento-y-termino-atropellada-por-el-mismo-auto-ocurrio-en-concordia","status":"publish","type":"post","link":"https:\/\/impactodenoticias.com.ar\/?p=10534","title":{"rendered":"Quiso bajarse de un auto en movimiento y termin\u00f3 atropellada por el mismo auto. Ocurri\u00f3 en Concordia"},"content":{"rendered":"\n<h2 class=\"wp-block-heading\">La mujer intent\u00f3 tirarse del rodado, pero termin\u00f3 impactada por el veh\u00edculo. Est\u00e1 internada en grave estado.<\/h2>\n\n\n\n<p>Una mujer tuvo que ser internada con muy graves lesiones en Concordia, luego de tirarse de un auto en movimiento que finalmente termin\u00f3 aplast\u00e1ndola. El siniestro vial sucedi\u00f3 cerca de las 9.30 en la esquina de Salto Uruguay y Lamadrid.<\/p>\n\n\n\n<p>Seg\u00fan el reporte oficial al que accedi\u00f3<strong> IMPACTO DE NOTICIAS<\/strong>, un auto Dacia color azul transitaba por la avenida, cuando por desperfectos mec\u00e1nicos se detuvo y comenz\u00f3 a retroceder cayendo por la pendiente. Fue entonces cuando la acompa\u00f1ante del conductor, de 58 a\u00f1os, decidi\u00f3 arrojarse del rodado. Desafortunadamente, fue arrastrada por la puerta y parte de la carrocer\u00eda, antes de ser arrollada por el veh\u00edculo.<\/p>\n\n\n\n<p>Dedibo a los golpes, fue derivada de urgencia al Hospital Masvernat, donde informaron lesiones de gravedad, entre ellas \u201cneumot\u00f3rax, contusi\u00f3n pulmonar bilateral, posible fractura costal izquierda y neumoenc\u00e9falo\u201d.<\/p>\n","protected":false},"excerpt":{"rendered":"<p>La mujer intent&oacute; tirarse del rodado, pero termin&oacute; impactada por el veh&iacute;culo. Est&aacute; internada en grave estado. Una mujer tuvo que ser internada con muy graves lesiones en Concordia, luego de tirarse de un auto en movimiento que finalmente termin&oacute; aplast&aacute;ndola. El siniestro vial sucedi&oacute; cerca de las 9.30 en la esquina de Salto Uruguay [&hellip;]<\/p>\n","protected":false},"author":2,"featured_media":10535,"comment_status":"open","ping_status":"open","sticky":false,"template":"","format":"standard","meta":{"footnotes":""},"categories":[8,4],"tags":[1498,507,72,122,460,2264,4173,182],"class_list":["post-10534","post","type-post","status-publish","format-standard","has-post-thumbnail","hentry","category-policiales","category-provinciales","tag-atropellada","tag-auto","tag-concordia","tag-estado","tag-grave","tag-internada","tag-mismo","tag-mujer"],"_links":{"self":[{"href":"https:\/\/impactodenoticias.com.ar\/index.php?rest_route=\/wp\/v2\/posts\/10534","targetHints":{"allow":["GET"]}}],"collection":[{"href":"https:\/\/impactodenoticias.com.ar\/index.php?rest_route=\/wp\/v2\/posts"}],"about":[{"href":"https:\/\/impactodenoticias.com.ar\/index.php?rest_route=\/wp\/v2\/types\/post"}],"author":[{"embeddable":true,"href":"https:\/\/impactodenoticias.com.ar\/index.php?rest_route=\/wp\/v2\/users\/2"}],"replies":[{"embeddable":true,"href":"https:\/\/impactodenoticias.com.ar\/index.php?rest_route=%2Fwp%2Fv2%2Fcomments&post=10534"}],"version-history":[{"count":2,"href":"https:\/\/impactodenoticias.com.ar\/index.php?rest_route=\/wp\/v2\/posts\/10534\/revisions"}],"predecessor-version":[{"id":10542,"href":"https:\/\/impactodenoticias.com.ar\/index.php?rest_route=\/wp\/v2\/posts\/10534\/revisions\/10542"}],"wp:featuredmedia":[{"embeddable":true,"href":"https:\/\/impactodenoticias.com.ar\/index.php?rest_route=\/wp\/v2\/media\/10535"}],"wp:attachment":[{"href":"https:\/\/impactodenoticias.com.ar\/index.php?rest_route=%2Fwp%2Fv2%2Fmedia&parent=10534"}],"wp:term":[{"taxonomy":"category","embeddable":true,"href":"https:\/\/impactodenoticias.com.ar\/index.php?rest_route=%2Fwp%2Fv2%2Fcategories&post=10534"},{"taxonomy":"post_tag","embeddable":true,"href":"https:\/\/impactodenoticias.com.ar\/index.php?rest_route=%2Fwp%2Fv2%2Ftags&post=10534"}],"curies":[{"name":"wp","href":"https:\/\/api.w.org\/{rel}","templated":true}]}}