{"id":10595,"date":"2025-01-28T10:16:04","date_gmt":"2025-01-28T13:16:04","guid":{"rendered":"https:\/\/impactodenoticias.com.ar\/?p=10595"},"modified":"2025-01-28T10:54:09","modified_gmt":"2025-01-28T13:54:09","slug":"internaron-de-urgencia-a-una-adolescente-que-cayo-de-un-tercer-piso-en-parana","status":"publish","type":"post","link":"https:\/\/impactodenoticias.com.ar\/?p=10595","title":{"rendered":"Internaron de urgencia a una adolescente que cay\u00f3 de un tercer piso en Paran\u00e1"},"content":{"rendered":"\n<h2 class=\"wp-block-heading\">La menor, de 14 a\u00f1os, fue derviada de urgencia, en estado de consciencia, al Hospital Materno Infantil San Roque. El parte m\u00e9dico.<\/h2>\n\n\n\n<p>Una adolescente de 14 a\u00f1os cay\u00f3 desde el tercer piso de un edficio ubicado en calle La Rioja de Paran\u00e1. Seg\u00fan trascendi\u00f3, la menor fue derviada de urgencia, en estado de consciencia, al Hospital Materno Infantil San Roque.<\/p>\n\n\n\n<p><\/p>\n\n\n\n<figure class=\"wp-block-image size-full\"><img loading=\"lazy\" decoding=\"async\" width=\"696\" height=\"392\" src=\"https:\/\/impactodenoticias.com.ar\/wp-content\/uploads\/2025\/01\/Edificio-La-Rioja-3.webp\" alt=\"\" class=\"wp-image-10596\" srcset=\"https:\/\/impactodenoticias.com.ar\/wp-content\/uploads\/2025\/01\/Edificio-La-Rioja-3.webp 696w, https:\/\/impactodenoticias.com.ar\/wp-content\/uploads\/2025\/01\/Edificio-La-Rioja-3-300x169.webp 300w\" sizes=\"auto, (max-width: 696px) 100vw, 696px\" \/><\/figure>\n\n\n\n<p><\/p>\n\n\n\n<figure class=\"wp-block-image size-full\"><img loading=\"lazy\" decoding=\"async\" width=\"696\" height=\"392\" src=\"https:\/\/impactodenoticias.com.ar\/wp-content\/uploads\/2025\/01\/Edificio-La-Rioja-2.webp\" alt=\"\" class=\"wp-image-10597\" srcset=\"https:\/\/impactodenoticias.com.ar\/wp-content\/uploads\/2025\/01\/Edificio-La-Rioja-2.webp 696w, https:\/\/impactodenoticias.com.ar\/wp-content\/uploads\/2025\/01\/Edificio-La-Rioja-2-300x169.webp 300w\" sizes=\"auto, (max-width: 696px) 100vw, 696px\" \/><\/figure>\n\n\n\n<p><\/p>\n\n\n\n<p>El hecho sucedi\u00f3 cuando  la adolescente se encontraba de visita en el departamento de su hermana de 25 a\u00f1os, quien reside en el edificio. Seg\u00fan explic\u00f3 Schmunk, la jovencita hab\u00eda llegado al lugar junto a otro hermano de 15 a\u00f1os para compartir una merienda. El accidente ocurri\u00f3 mientras estaban los tres en el interior del monoambiente. \u201cEl hecho se origin\u00f3 desde una ventana, no desde un balc\u00f3n\u00bb, agreg\u00f3.<\/p>\n\n\n\n<p><strong>El parte m\u00e9dico<\/strong><\/p>\n\n\n\n<p>Carlos Schmunk, jefe de la Departamental de Polic\u00eda de Paran\u00e1, precis\u00f3 que la menor sufri\u00f3 graves\u00a0lesiones como fracturas en el f\u00e9mur y mand\u00edbula, adem\u00e1s de la p\u00e9rdida de piezas dentales.<\/p>\n\n\n\n<p>Noticia en desarrollo\u2026<\/p>\n","protected":false},"excerpt":{"rendered":"<p>La menor, de 14 a&ntilde;os, fue derviada de urgencia, en estado de consciencia, al Hospital Materno Infantil San Roque. El parte m&eacute;dico. Una adolescente de 14 a&ntilde;os cay&oacute; desde el tercer piso de un edficio ubicado en calle La Rioja de Paran&aacute;. Seg&uacute;n trascendi&oacute;, la menor fue derviada de urgencia, en estado de consciencia, al [&hellip;]<\/p>\n","protected":false},"author":2,"featured_media":10598,"comment_status":"open","ping_status":"open","sticky":false,"template":"","format":"standard","meta":{"footnotes":""},"categories":[3,8],"tags":[564,3947,95,4191,999,4190],"class_list":["post-10595","post","type-post","status-publish","format-standard","has-post-thumbnail","hentry","category-locales","category-policiales","tag-adolescente","tag-cayo","tag-parana","tag-piso","tag-san-roque","tag-tercer"],"_links":{"self":[{"href":"https:\/\/impactodenoticias.com.ar\/index.php?rest_route=\/wp\/v2\/posts\/10595","targetHints":{"allow":["GET"]}}],"collection":[{"href":"https:\/\/impactodenoticias.com.ar\/index.php?rest_route=\/wp\/v2\/posts"}],"about":[{"href":"https:\/\/impactodenoticias.com.ar\/index.php?rest_route=\/wp\/v2\/types\/post"}],"author":[{"embeddable":true,"href":"https:\/\/impactodenoticias.com.ar\/index.php?rest_route=\/wp\/v2\/users\/2"}],"replies":[{"embeddable":true,"href":"https:\/\/impactodenoticias.com.ar\/index.php?rest_route=%2Fwp%2Fv2%2Fcomments&post=10595"}],"version-history":[{"count":2,"href":"https:\/\/impactodenoticias.com.ar\/index.php?rest_route=\/wp\/v2\/posts\/10595\/revisions"}],"predecessor-version":[{"id":10608,"href":"https:\/\/impactodenoticias.com.ar\/index.php?rest_route=\/wp\/v2\/posts\/10595\/revisions\/10608"}],"wp:featuredmedia":[{"embeddable":true,"href":"https:\/\/impactodenoticias.com.ar\/index.php?rest_route=\/wp\/v2\/media\/10598"}],"wp:attachment":[{"href":"https:\/\/impactodenoticias.com.ar\/index.php?rest_route=%2Fwp%2Fv2%2Fmedia&parent=10595"}],"wp:term":[{"taxonomy":"category","embeddable":true,"href":"https:\/\/impactodenoticias.com.ar\/index.php?rest_route=%2Fwp%2Fv2%2Fcategories&post=10595"},{"taxonomy":"post_tag","embeddable":true,"href":"https:\/\/impactodenoticias.com.ar\/index.php?rest_route=%2Fwp%2Fv2%2Ftags&post=10595"}],"curies":[{"name":"wp","href":"https:\/\/api.w.org\/{rel}","templated":true}]}}