{"id":10613,"date":"2025-01-29T12:48:31","date_gmt":"2025-01-29T15:48:31","guid":{"rendered":"https:\/\/impactodenoticias.com.ar\/?p=10613"},"modified":"2025-01-29T12:48:31","modified_gmt":"2025-01-29T15:48:31","slug":"la-policia-intervino-en-un-confuso-hecho-con-una-joven-golpeada-en-la-via-publica","status":"publish","type":"post","link":"https:\/\/impactodenoticias.com.ar\/?p=10613","title":{"rendered":"La Polic\u00eda intervino en un confuso hecho con una joven golpeada en la v\u00eda p\u00fablica"},"content":{"rendered":"\n<p class=\"has-medium-font-size\"><strong>La joven cay\u00f3 desde un auto que era conducido por un joven y adem\u00e1s ten\u00eda golpes, sin embargo no quiso denunciarlo y el presunto maltratador qued\u00f3 en libertad.<\/strong><\/p>\n\n\n\n<p>Alrededor de las 1:25, un extra\u00f1o accidente vial se registr\u00f3 en la intersecci\u00f3n de calles 8 de Junio y Maip\u00fa en Concepci\u00f3n del Uruguay. Testigos del episodio observaron que una joven cay\u00f3 desde un veh\u00edculo que circulaba delante de ellos, aparentemente bajo los efectos de alcohol.<\/p>\n\n\n\n<p>Al detenerse para auxiliarla, el conductor del auto, un joven de 22 a\u00f1os, descendi\u00f3 y comenz\u00f3 a discutir con ellos, pidi\u00e9ndoles que no se metieran. El joven carg\u00f3 a la mujer herida en el veh\u00edculo y se retiraron r\u00e1pidamente del lugar.<\/p>\n\n\n\n<p>Tras el aviso a la polic\u00eda, el veh\u00edculo \u2013un Citro\u00ebn C3- fue interceptado poco despu\u00e9s en Bv. D\u00edaz V\u00e9lez, cerca de Plaza Rocamora. En el interior se encontraba el conductor, acompa\u00f1ado por una mujer de 24 a\u00f1os. La joven fue entrevistada por personal de Minoridad y Violencia Familiar. Sin bien no indic\u00f3 haber sufrido ning\u00fan tipo de violencia por parte del conductor, presentaba escoriaciones en su cuerpo.<\/p>\n\n\n\n<p>Personal policial dispuso el traslado del conductor a Jefatura Departamental Uruguay para su identificaci\u00f3n, mientras que la joven no quiso efectuar ning\u00fan tipo de denuncia. Luego de las entrevistas de rigor, la fiscal\u00eda en turno dispuso que el joven quedara en libertad.<\/p>\n","protected":false},"excerpt":{"rendered":"<p>La joven cay&oacute; desde un auto que era conducido por un joven y adem&aacute;s ten&iacute;a golpes, sin embargo no quiso denunciarlo y el presunto maltratador qued&oacute; en libertad. Alrededor de las 1:25, un extra&ntilde;o accidente vial se registr&oacute; en la intersecci&oacute;n de calles 8 de Junio y Maip&uacute; en Concepci&oacute;n del Uruguay. Testigos del episodio [&hellip;]<\/p>\n","protected":false},"author":2,"featured_media":10614,"comment_status":"open","ping_status":"open","sticky":false,"template":"","format":"standard","meta":{"footnotes":""},"categories":[8,4],"tags":[507,3947,324,137,4196],"class_list":["post-10613","post","type-post","status-publish","format-standard","has-post-thumbnail","hentry","category-policiales","category-provinciales","tag-auto","tag-cayo","tag-concepcion-del-uruguay","tag-joven","tag-movimiento"],"_links":{"self":[{"href":"https:\/\/impactodenoticias.com.ar\/index.php?rest_route=\/wp\/v2\/posts\/10613","targetHints":{"allow":["GET"]}}],"collection":[{"href":"https:\/\/impactodenoticias.com.ar\/index.php?rest_route=\/wp\/v2\/posts"}],"about":[{"href":"https:\/\/impactodenoticias.com.ar\/index.php?rest_route=\/wp\/v2\/types\/post"}],"author":[{"embeddable":true,"href":"https:\/\/impactodenoticias.com.ar\/index.php?rest_route=\/wp\/v2\/users\/2"}],"replies":[{"embeddable":true,"href":"https:\/\/impactodenoticias.com.ar\/index.php?rest_route=%2Fwp%2Fv2%2Fcomments&post=10613"}],"version-history":[{"count":1,"href":"https:\/\/impactodenoticias.com.ar\/index.php?rest_route=\/wp\/v2\/posts\/10613\/revisions"}],"predecessor-version":[{"id":10615,"href":"https:\/\/impactodenoticias.com.ar\/index.php?rest_route=\/wp\/v2\/posts\/10613\/revisions\/10615"}],"wp:featuredmedia":[{"embeddable":true,"href":"https:\/\/impactodenoticias.com.ar\/index.php?rest_route=\/wp\/v2\/media\/10614"}],"wp:attachment":[{"href":"https:\/\/impactodenoticias.com.ar\/index.php?rest_route=%2Fwp%2Fv2%2Fmedia&parent=10613"}],"wp:term":[{"taxonomy":"category","embeddable":true,"href":"https:\/\/impactodenoticias.com.ar\/index.php?rest_route=%2Fwp%2Fv2%2Fcategories&post=10613"},{"taxonomy":"post_tag","embeddable":true,"href":"https:\/\/impactodenoticias.com.ar\/index.php?rest_route=%2Fwp%2Fv2%2Ftags&post=10613"}],"curies":[{"name":"wp","href":"https:\/\/api.w.org\/{rel}","templated":true}]}}