{"id":10616,"date":"2025-01-29T12:55:55","date_gmt":"2025-01-29T15:55:55","guid":{"rendered":"https:\/\/impactodenoticias.com.ar\/?p=10616"},"modified":"2025-01-29T13:24:43","modified_gmt":"2025-01-29T16:24:43","slug":"violento-tenia-prohibicion-de-acercamiento-sin-embargo-termino-detenido-tras-agredir-a-su-sobrina-y-su-hermana","status":"publish","type":"post","link":"https:\/\/impactodenoticias.com.ar\/?p=10616","title":{"rendered":"Violento ten\u00eda prohibici\u00f3n de acercamiento hacia su fanmilia, sin embargo, termin\u00f3 detenido tras agredir a su sobrina y su hermana"},"content":{"rendered":"\n<p class=\"has-medium-font-size\"><strong>Un hombre de 45 a\u00f1os fue detenido por la Polic\u00eda en Paran\u00e1, por violar la medida de restricci\u00f3n de acercamiento que ten\u00eda hacia su familia.<\/strong><\/p>\n\n\n\n<p>El violento sujeto fue arrestado por la Polic\u00eda tras violar la medida de restricci\u00f3n de acercamiento que ten\u00eda hacia su familia. Al parecer, el sujeto se present\u00f3 en la casa de su hermana y comenz\u00f3 a agredir a su sobrina. Primero todo fue verbal, para luego comenzar a arrojar piedras contra un auto y un local comercial.<\/p>\n\n\n\n<p>Seg\u00fan se inform\u00f3 a <strong>IMPACTO DE NOTICIAS<\/strong>, el hecho sucedi\u00f3 en la tarde de este martes en jurisdicci\u00f3n de la comisar\u00eda 12\u00ba. La Polic\u00eda se present\u00f3 en calle Ricardo G\u00fciraldes, luego del pedido de auxilio de una muchacha de 27 a\u00f1os.<\/p>\n\n\n\n<p>La joven le indic\u00f3 a los polic\u00edas que su t\u00edo hab\u00eda ido hasta su domicilio a insultar y tirar piedras.<\/p>\n\n\n\n<p>Los funcionarios corroboraron lo dicho y, adem\u00e1s, el hombre hab\u00eda provocado un da\u00f1o en el auto de la joven y en la puerta de la poller\u00eda de su hermana. Informado el fiscal, se dispuso la detenci\u00f3n del violento y su traslado a la Alcaid\u00eda de Tribunales.<\/p>\n","protected":false},"excerpt":{"rendered":"<p>Un hombre de 45 a&ntilde;os fue detenido por la Polic&iacute;a en Paran&aacute;, por violar la medida de restricci&oacute;n de acercamiento que ten&iacute;a hacia su familia. El violento sujeto fue arrestado por la Polic&iacute;a tras violar la medida de restricci&oacute;n de acercamiento que ten&iacute;a hacia su familia. Al parecer, el sujeto se present&oacute; en la casa [&hellip;]<\/p>\n","protected":false},"author":2,"featured_media":10617,"comment_status":"open","ping_status":"open","sticky":false,"template":"","format":"standard","meta":{"footnotes":""},"categories":[3,8],"tags":[1785,453,146,95,4197,277],"class_list":["post-10616","post","type-post","status-publish","format-standard","has-post-thumbnail","hentry","category-locales","category-policiales","tag-agresion","tag-hermana","tag-hombre","tag-parana","tag-sobrina","tag-violento"],"_links":{"self":[{"href":"https:\/\/impactodenoticias.com.ar\/index.php?rest_route=\/wp\/v2\/posts\/10616","targetHints":{"allow":["GET"]}}],"collection":[{"href":"https:\/\/impactodenoticias.com.ar\/index.php?rest_route=\/wp\/v2\/posts"}],"about":[{"href":"https:\/\/impactodenoticias.com.ar\/index.php?rest_route=\/wp\/v2\/types\/post"}],"author":[{"embeddable":true,"href":"https:\/\/impactodenoticias.com.ar\/index.php?rest_route=\/wp\/v2\/users\/2"}],"replies":[{"embeddable":true,"href":"https:\/\/impactodenoticias.com.ar\/index.php?rest_route=%2Fwp%2Fv2%2Fcomments&post=10616"}],"version-history":[{"count":2,"href":"https:\/\/impactodenoticias.com.ar\/index.php?rest_route=\/wp\/v2\/posts\/10616\/revisions"}],"predecessor-version":[{"id":10629,"href":"https:\/\/impactodenoticias.com.ar\/index.php?rest_route=\/wp\/v2\/posts\/10616\/revisions\/10629"}],"wp:featuredmedia":[{"embeddable":true,"href":"https:\/\/impactodenoticias.com.ar\/index.php?rest_route=\/wp\/v2\/media\/10617"}],"wp:attachment":[{"href":"https:\/\/impactodenoticias.com.ar\/index.php?rest_route=%2Fwp%2Fv2%2Fmedia&parent=10616"}],"wp:term":[{"taxonomy":"category","embeddable":true,"href":"https:\/\/impactodenoticias.com.ar\/index.php?rest_route=%2Fwp%2Fv2%2Fcategories&post=10616"},{"taxonomy":"post_tag","embeddable":true,"href":"https:\/\/impactodenoticias.com.ar\/index.php?rest_route=%2Fwp%2Fv2%2Ftags&post=10616"}],"curies":[{"name":"wp","href":"https:\/\/api.w.org\/{rel}","templated":true}]}}