{"id":10680,"date":"2025-01-30T18:52:12","date_gmt":"2025-01-30T21:52:12","guid":{"rendered":"https:\/\/impactodenoticias.com.ar\/?p=10680"},"modified":"2025-01-31T09:57:04","modified_gmt":"2025-01-31T12:57:04","slug":"se-necesitan-mas-hechos-y-menos-anuncios-ate-exigio-una-solucion-inmediata-al-conflicto-entre-la-femer-y-el-iosper","status":"publish","type":"post","link":"https:\/\/impactodenoticias.com.ar\/?p=10680","title":{"rendered":"\u00abSe necesitan m\u00e1s hechos y menos anuncios\u00bb: ATE exigi\u00f3 una \u201csoluci\u00f3n inmediata\u201d al conflicto entre la Femer y el Iosper"},"content":{"rendered":"\n<p class=\"has-medium-font-size\"><strong>\u201c300 mil afiliados y afiliadas necesitan contar con la atenci\u00f3n m\u00e9dica, y algunos no pueden esperar. La intervenci\u00f3n tiene la responsabilidad de garantizar las prestaciones para todos los afiliados\u201d, apuntaron desde el Sindicato. Adem\u00e1s pidi\u00f3 que la Obra Social \u201cvuelva a ser administrada por los trabajadores.<\/strong><\/p>\n\n\n\n<p>Despu\u00e9s que la Federaci\u00f3n Medica decidi\u00f3 suspender la prestaci\u00f3n medica a los afiliados del Iosper, ATE Entre R\u00edos emiti\u00f3 un comunicado en el que exigi\u00f3 que se resolviera el conflicto entre ambas partes.<\/p>\n\n\n\n<p>\u201c300 mil afiliados y afiliadas necesitan contar con la atenci\u00f3n m\u00e9dica, y algunos no pueden esperar. La intervenci\u00f3n tiene la responsabilidad de garantizar las prestaciones para todos los afiliados\u201d, destac\u00f3 el Sindicato.<\/p>\n\n\n\n<p>El interventor del Iosper apunt\u00f3 contra la Femer: \u201cCon cortes de servicio no vamos a negociar\u201d, dijo.<\/p>\n\n\n\n<p>ATE hizo referencia adem\u00e1s, a la intervenci\u00f3n del Iosper por parte del Gobierno y se\u00f1al\u00f3: \u201cDe la cinchada entre la intervenci\u00f3n del Frigerio y la corporaci\u00f3n m\u00e9dica, salen perdiendo, una vez m\u00e1s, los afiliados\u201d. Por lo que aprovech\u00f3 la ocasi\u00f3n para pedir nuevamente que la Obra Social \u201cvuelva a ser conducida por los trabajadores. Se necesitan m\u00e1s hechos y menos anuncios\u201d, concluyeron.<\/p>\n","protected":false},"excerpt":{"rendered":"<p>&ldquo;300 mil afiliados y afiliadas necesitan contar con la atenci&oacute;n m&eacute;dica, y algunos no pueden esperar. La intervenci&oacute;n tiene la responsabilidad de garantizar las prestaciones para todos los afiliados&rdquo;, apuntaron desde el Sindicato. Adem&aacute;s pidi&oacute; que la Obra Social &ldquo;vuelva a ser administrada por los trabajadores. Despu&eacute;s que la Federaci&oacute;n Medica decidi&oacute; suspender la prestaci&oacute;n [&hellip;]<\/p>\n","protected":false},"author":2,"featured_media":10681,"comment_status":"open","ping_status":"open","sticky":false,"template":"","format":"standard","meta":{"footnotes":""},"categories":[91,11,4],"tags":[103,1436,4223,3182,4224,329],"class_list":["post-10680","post","type-post","status-publish","format-standard","has-post-thumbnail","hentry","category-gremiales","category-politica","category-provinciales","tag-ate","tag-conflicto","tag-exigio","tag-femer","tag-fin","tag-iosper"],"_links":{"self":[{"href":"https:\/\/impactodenoticias.com.ar\/index.php?rest_route=\/wp\/v2\/posts\/10680","targetHints":{"allow":["GET"]}}],"collection":[{"href":"https:\/\/impactodenoticias.com.ar\/index.php?rest_route=\/wp\/v2\/posts"}],"about":[{"href":"https:\/\/impactodenoticias.com.ar\/index.php?rest_route=\/wp\/v2\/types\/post"}],"author":[{"embeddable":true,"href":"https:\/\/impactodenoticias.com.ar\/index.php?rest_route=\/wp\/v2\/users\/2"}],"replies":[{"embeddable":true,"href":"https:\/\/impactodenoticias.com.ar\/index.php?rest_route=%2Fwp%2Fv2%2Fcomments&post=10680"}],"version-history":[{"count":1,"href":"https:\/\/impactodenoticias.com.ar\/index.php?rest_route=\/wp\/v2\/posts\/10680\/revisions"}],"predecessor-version":[{"id":10682,"href":"https:\/\/impactodenoticias.com.ar\/index.php?rest_route=\/wp\/v2\/posts\/10680\/revisions\/10682"}],"wp:featuredmedia":[{"embeddable":true,"href":"https:\/\/impactodenoticias.com.ar\/index.php?rest_route=\/wp\/v2\/media\/10681"}],"wp:attachment":[{"href":"https:\/\/impactodenoticias.com.ar\/index.php?rest_route=%2Fwp%2Fv2%2Fmedia&parent=10680"}],"wp:term":[{"taxonomy":"category","embeddable":true,"href":"https:\/\/impactodenoticias.com.ar\/index.php?rest_route=%2Fwp%2Fv2%2Fcategories&post=10680"},{"taxonomy":"post_tag","embeddable":true,"href":"https:\/\/impactodenoticias.com.ar\/index.php?rest_route=%2Fwp%2Fv2%2Ftags&post=10680"}],"curies":[{"name":"wp","href":"https:\/\/api.w.org\/{rel}","templated":true}]}}