{"id":10704,"date":"2025-01-31T10:09:27","date_gmt":"2025-01-31T13:09:27","guid":{"rendered":"https:\/\/impactodenoticias.com.ar\/?p=10704"},"modified":"2025-02-01T11:59:32","modified_gmt":"2025-02-01T14:59:32","slug":"cierre-del-registro-automotor-significara-un-grave-perjuicio-para-los-vecinos-apuntaron-desde-el-municipio-de-chajari","status":"publish","type":"post","link":"https:\/\/impactodenoticias.com.ar\/?p=10704","title":{"rendered":"Cierre del Registro Automotor: \u201cSignificar\u00e1 un grave perjuicio para los vecinos\u201d, apuntaron desde el municipio de Chajar\u00ed"},"content":{"rendered":"\n<p class=\"has-medium-font-size\"><strong>\u201cCompartimos con el Gobierno nacional la idea de tener un Estado de dimensiones moderadas, moderno y eficiente\u201d, aseguraron desde el municipio. Sin embargo cuestionaron el cierre del Registro de la Propiedad Automotor local, y solicitaron \u201cla revisi\u00f3n de la medida adoptada\u201d, adem\u00e1s instaron a los legisladores nacionales de Entre R\u00edos \u201ca llevar a cabo gestiones conducentes a este prop\u00f3sito\u201d.<\/strong><\/p>\n\n\n\n<p>El Ministerio de Justicia de la Naci\u00f3n dict\u00f3, con fecha 28 de enero, la Resoluci\u00f3n MJ N\u00ba19\/2025, publicada en el Bolet\u00edn Oficial este jueves 30 de enero. A trav\u00e9s de la misma se cierran 155 Registros Seccionales de la Propiedad del Automotor en el pa\u00eds, entre ellos el existente en Chajar\u00ed, (9 en total en la provincia de Entre R\u00edos), que atiende todo lo que tiene que ver con veh\u00edculos y motoveh\u00edculos de las varias localidades del Departamento Federaci\u00f3n.<\/p>\n\n\n\n<p>\u201cLa medida causa sorpresa y preocupaci\u00f3n porque la eliminaci\u00f3n del Registro implica un perjuicio para los vecinos de la ciudad que deben realizar tramitaciones en esta dependencia de jurisdicci\u00f3n nacional\u201d, se destac\u00f3 desde la Municipalidad de Chajar\u00ed.<\/p>\n\n\n\n<p>\u201cCompartimos, con el Gobierno Nacional, la idea de tener un Estado de dimensiones moderadas, moderno y eficiente, como as\u00ed tambi\u00e9n muchas de las medidas que se han tomado en el \u00faltimo a\u00f1o. Adem\u00e1s creemos que el sistema de Registros de la Propiedad del Automotor debe ser revisado en la b\u00fasqueda de lograr estos objetivos\u201d, apuntaron.<\/p>\n\n\n\n<p>Y destacaron que \u201cno obstante, como representantes del Gobierno y el pueblo de Chajar\u00ed entendemos que la medida significar\u00e1 un grave perjuicio para los vecinos, y el abandono de una prestaci\u00f3n que aleja al Estado Nacional de los habitantes de la localidad y la regi\u00f3n que ahora -se presume- deber\u00edan concurrir a Registros de otras ciudades a realizar sus tramitaciones\u201d.<\/p>\n\n\n\n<p>Por esta raz\u00f3n el Municipio encabezado por Marcel Borghesan inst\u00f3 al Gobierno nacional \u201cla revisi\u00f3n de la medida adoptada\u201d y solicit\u00f3 \u201ca los legisladores nacionales de Entre R\u00edos a llevar a cabo gestiones conducentes a este prop\u00f3sito\u201d.<\/p>\n\n\n\n<p>\u201cConvocamos, adem\u00e1s, a autoridades de localidades vecinas y Concejales de todos los bloques a expresarse en favor de los intereses de los vecinos y de la comunidad, y asumimos el compromiso de gestionar, en todo lo que est\u00e9 a nuestro alcance, para revertir la medida\u201d, destacaron.<\/p>\n\n\n\n<p>Y agregaron que \u201cel parque automotor del Departamento debe ser, en relaci\u00f3n con la cantidad de habitantes, uno de los m\u00e1s importantes de Entre R\u00edos y por esta raz\u00f3n los vecinos est\u00e1n obligados a realizar en el Registro todas las tramitaciones que all\u00ed se cursan. La falta de un funcionario que intervenga como Encargado Titular es, a nuestro entender, un argumento insuficiente para justificar su cierre\u201d, subrayaron.<\/p>\n\n\n\n<p>Finalizando, expresaron la preocupaci\u00f3n por \u201clas fuentes de trabajo del personal que presta servicios en la repartici\u00f3n nacional que, por estas horas, deben estar atravesando momentos de zozobra e incertidumbre\u201d.<\/p>\n","protected":false},"excerpt":{"rendered":"<p>&ldquo;Compartimos con el Gobierno nacional la idea de tener un Estado de dimensiones moderadas, moderno y eficiente&rdquo;, aseguraron desde el municipio. Sin embargo cuestionaron el cierre del Registro de la Propiedad Automotor local, y solicitaron &ldquo;la revisi&oacute;n de la medida adoptada&rdquo;, adem&aacute;s instaron a los legisladores nacionales de Entre R&iacute;os &ldquo;a llevar a cabo gestiones [&hellip;]<\/p>\n","protected":false},"author":2,"featured_media":10707,"comment_status":"open","ping_status":"open","sticky":false,"template":"","format":"standard","meta":{"footnotes":""},"categories":[11,4,49],"tags":[211,487,4228,102,4227],"class_list":["post-10704","post","type-post","status-publish","format-standard","has-post-thumbnail","hentry","category-politica","category-provinciales","category-sociedad","tag-chajari","tag-cierre","tag-miguel-borghesan","tag-municipalidad","tag-registro-automotor"],"_links":{"self":[{"href":"https:\/\/impactodenoticias.com.ar\/index.php?rest_route=\/wp\/v2\/posts\/10704","targetHints":{"allow":["GET"]}}],"collection":[{"href":"https:\/\/impactodenoticias.com.ar\/index.php?rest_route=\/wp\/v2\/posts"}],"about":[{"href":"https:\/\/impactodenoticias.com.ar\/index.php?rest_route=\/wp\/v2\/types\/post"}],"author":[{"embeddable":true,"href":"https:\/\/impactodenoticias.com.ar\/index.php?rest_route=\/wp\/v2\/users\/2"}],"replies":[{"embeddable":true,"href":"https:\/\/impactodenoticias.com.ar\/index.php?rest_route=%2Fwp%2Fv2%2Fcomments&post=10704"}],"version-history":[{"count":1,"href":"https:\/\/impactodenoticias.com.ar\/index.php?rest_route=\/wp\/v2\/posts\/10704\/revisions"}],"predecessor-version":[{"id":10706,"href":"https:\/\/impactodenoticias.com.ar\/index.php?rest_route=\/wp\/v2\/posts\/10704\/revisions\/10706"}],"wp:featuredmedia":[{"embeddable":true,"href":"https:\/\/impactodenoticias.com.ar\/index.php?rest_route=\/wp\/v2\/media\/10707"}],"wp:attachment":[{"href":"https:\/\/impactodenoticias.com.ar\/index.php?rest_route=%2Fwp%2Fv2%2Fmedia&parent=10704"}],"wp:term":[{"taxonomy":"category","embeddable":true,"href":"https:\/\/impactodenoticias.com.ar\/index.php?rest_route=%2Fwp%2Fv2%2Fcategories&post=10704"},{"taxonomy":"post_tag","embeddable":true,"href":"https:\/\/impactodenoticias.com.ar\/index.php?rest_route=%2Fwp%2Fv2%2Ftags&post=10704"}],"curies":[{"name":"wp","href":"https:\/\/api.w.org\/{rel}","templated":true}]}}