{"id":10757,"date":"2025-02-01T11:45:13","date_gmt":"2025-02-01T14:45:13","guid":{"rendered":"https:\/\/impactodenoticias.com.ar\/?p=10757"},"modified":"2025-02-02T12:08:55","modified_gmt":"2025-02-02T15:08:55","slug":"la-municipalidad-de-parana-dio-a-conocer-el-cronograma-de-recoleccion-de-residuos-para-el-fin-de-semana-largo","status":"publish","type":"post","link":"https:\/\/impactodenoticias.com.ar\/?p=10757","title":{"rendered":"La Municipalidad de Paran\u00e1 dio a conocer el cronograma de recolecci\u00f3n de residuos para el fin de semana largo"},"content":{"rendered":"\n<h2 class=\"wp-block-heading\">El s\u00e1bado y el lunes, el servicio ser\u00e1 normal. En el caso del domingo se har\u00e1 recolecci\u00f3n en las avenidas, la costanera y algunos puntos espec\u00edficos de la ciudad.<\/h2>\n\n\n\n<p>Debido a que este lunes ser\u00e1 feriado por la conmemoraci\u00f3n a la batalla de Caseros, el municipio difundi\u00f3 el cronograma de recolecci\u00f3n. Tanto el s\u00e1bado como el lunes, el servicio ser\u00e1 normal.<\/p>\n\n\n\n<p>En el caso del domingo se har\u00e1 recolecci\u00f3n en las avenidas, la costanera y algunos puntos espec\u00edficos por lo que desde el municipio solicitan \u00abrespetar d\u00edas y horarios para que los contenedores no se llenen r\u00e1pidamente y que la ciudad permanezca limpia\u00bb.<\/p>\n","protected":false},"excerpt":{"rendered":"<p>El s&aacute;bado y el lunes, el servicio ser&aacute; normal. En el caso del domingo se har&aacute; recolecci&oacute;n en las avenidas, la costanera y algunos puntos espec&iacute;ficos de la ciudad. Debido a que este lunes ser&aacute; feriado por la conmemoraci&oacute;n a la batalla de Caseros, el municipio difundi&oacute; el cronograma de recolecci&oacute;n. Tanto el s&aacute;bado como [&hellip;]<\/p>\n","protected":false},"author":2,"featured_media":10758,"comment_status":"open","ping_status":"open","sticky":false,"template":"","format":"standard","meta":{"footnotes":""},"categories":[3,1902],"tags":[2239,95,2410,1310],"class_list":["post-10757","post","type-post","status-publish","format-standard","has-post-thumbnail","hentry","category-locales","category-municipales","tag-feriado","tag-parana","tag-recoleccion","tag-residuos"],"_links":{"self":[{"href":"https:\/\/impactodenoticias.com.ar\/index.php?rest_route=\/wp\/v2\/posts\/10757","targetHints":{"allow":["GET"]}}],"collection":[{"href":"https:\/\/impactodenoticias.com.ar\/index.php?rest_route=\/wp\/v2\/posts"}],"about":[{"href":"https:\/\/impactodenoticias.com.ar\/index.php?rest_route=\/wp\/v2\/types\/post"}],"author":[{"embeddable":true,"href":"https:\/\/impactodenoticias.com.ar\/index.php?rest_route=\/wp\/v2\/users\/2"}],"replies":[{"embeddable":true,"href":"https:\/\/impactodenoticias.com.ar\/index.php?rest_route=%2Fwp%2Fv2%2Fcomments&post=10757"}],"version-history":[{"count":1,"href":"https:\/\/impactodenoticias.com.ar\/index.php?rest_route=\/wp\/v2\/posts\/10757\/revisions"}],"predecessor-version":[{"id":10759,"href":"https:\/\/impactodenoticias.com.ar\/index.php?rest_route=\/wp\/v2\/posts\/10757\/revisions\/10759"}],"wp:featuredmedia":[{"embeddable":true,"href":"https:\/\/impactodenoticias.com.ar\/index.php?rest_route=\/wp\/v2\/media\/10758"}],"wp:attachment":[{"href":"https:\/\/impactodenoticias.com.ar\/index.php?rest_route=%2Fwp%2Fv2%2Fmedia&parent=10757"}],"wp:term":[{"taxonomy":"category","embeddable":true,"href":"https:\/\/impactodenoticias.com.ar\/index.php?rest_route=%2Fwp%2Fv2%2Fcategories&post=10757"},{"taxonomy":"post_tag","embeddable":true,"href":"https:\/\/impactodenoticias.com.ar\/index.php?rest_route=%2Fwp%2Fv2%2Ftags&post=10757"}],"curies":[{"name":"wp","href":"https:\/\/api.w.org\/{rel}","templated":true}]}}