{"id":10831,"date":"2025-02-03T11:41:38","date_gmt":"2025-02-03T14:41:38","guid":{"rendered":"https:\/\/impactodenoticias.com.ar\/?p=10831"},"modified":"2025-02-03T12:03:11","modified_gmt":"2025-02-03T15:03:11","slug":"se-registro-un-impactante-accidente-vial-en-ruta-provincial-no-38-el-resultado-son-varias-personas-heridas","status":"publish","type":"post","link":"https:\/\/impactodenoticias.com.ar\/?p=10831","title":{"rendered":"Se registr\u00f3 un impactante accidente vial en Ruta Provincial N\u00ba 38: resultando varias personas heridas"},"content":{"rendered":"\n<h2 class=\"wp-block-heading\">En el siniestro vial se vio involucrado un solo autom\u00f3vil. Se investiga la causa del despiste. Dos personas resultaron lesionadas, una de gravedad.<\/h2>\n\n\n\n<p>Se produjo este domingo un grave siniestro vial, en el kil\u00f3metro 16 de la Ruta Provincial N\u00ba 38, en la localidad de Ubajay.<\/p>\n\n\n\n<p><\/p>\n\n\n\n<figure class=\"wp-block-image size-full\"><img loading=\"lazy\" decoding=\"async\" width=\"696\" height=\"313\" src=\"https:\/\/impactodenoticias.com.ar\/wp-content\/uploads\/2025\/02\/accidente-20.webp\" alt=\"\" class=\"wp-image-10833\" srcset=\"https:\/\/impactodenoticias.com.ar\/wp-content\/uploads\/2025\/02\/accidente-20.webp 696w, https:\/\/impactodenoticias.com.ar\/wp-content\/uploads\/2025\/02\/accidente-20-300x135.webp 300w\" sizes=\"auto, (max-width: 696px) 100vw, 696px\" \/><\/figure>\n\n\n\n<p><\/p>\n\n\n\n<p>Seg\u00fan se inform\u00f3 a <strong>IMPACTO DE NOTICIAS<\/strong>, el siniestro vial involucr\u00f3 a un veh\u00edculo Renault Clio que circulaba de Este a Oeste, conducido por un hombre mayor de edad, quien viajaba acompa\u00f1ado de su pareja de 36 a\u00f1os y sus dos hijas menores, todos residentes de la localidad de San Salvador. Por razones que son materia de investigaci\u00f3n, el conductor perdi\u00f3 el control del autom\u00f3vil, cruz\u00f3 de carril, impact\u00f3 contra un zanj\u00f3n y termin\u00f3 volcando violentamente.<\/p>\n\n\n\n<p>El conductor sufri\u00f3 lesiones de car\u00e1cter grave, registrando fractura en su brazo derecho. Afortunadamente las dos ni\u00f1as presentaron lesiones leves. La mujer, debido a la gravedad de sus heridas, fue derivada de urgencia al Hospital Delicia Concepci\u00f3n Masvernat de Concordia, donde permanece internada en la Unidad de Terapia Intensiva (UTI) con diagn\u00f3stico cr\u00edtico y reservado.<\/p>\n\n\n\n<p>Personal policial de la Comisar\u00eda Ubajay, dependiente de la Jefatura Departamental Col\u00f3n, intervino r\u00e1pidamente en el lugar del siniestro, se indic\u00f3.<\/p>\n\n\n\n<p>Todos los heridos fueron inicialmente atendidos en el Hospital San Miguel de San Salvador antes que se realizara el traslado de la mujer a Concordia.<\/p>\n","protected":false},"excerpt":{"rendered":"<p>En el siniestro vial se vio involucrado un solo autom&oacute;vil. Se investiga la causa del despiste. Dos personas resultaron lesionadas, una de gravedad. Se produjo este domingo un grave siniestro vial, en el kil&oacute;metro 16 de la Ruta Provincial N&ordm; 38, en la localidad de Ubajay. Seg&uacute;n se inform&oacute; a IMPACTO DE NOTICIAS, el siniestro [&hellip;]<\/p>\n","protected":false},"author":2,"featured_media":10832,"comment_status":"open","ping_status":"open","sticky":false,"template":"","format":"standard","meta":{"footnotes":""},"categories":[8,4],"tags":[829,394,4267,336],"class_list":["post-10831","post","type-post","status-publish","format-standard","has-post-thumbnail","hentry","category-policiales","category-provinciales","tag-accidente-vial","tag-heridos","tag-ruta-provincial-38","tag-vuelco"],"_links":{"self":[{"href":"https:\/\/impactodenoticias.com.ar\/index.php?rest_route=\/wp\/v2\/posts\/10831","targetHints":{"allow":["GET"]}}],"collection":[{"href":"https:\/\/impactodenoticias.com.ar\/index.php?rest_route=\/wp\/v2\/posts"}],"about":[{"href":"https:\/\/impactodenoticias.com.ar\/index.php?rest_route=\/wp\/v2\/types\/post"}],"author":[{"embeddable":true,"href":"https:\/\/impactodenoticias.com.ar\/index.php?rest_route=\/wp\/v2\/users\/2"}],"replies":[{"embeddable":true,"href":"https:\/\/impactodenoticias.com.ar\/index.php?rest_route=%2Fwp%2Fv2%2Fcomments&post=10831"}],"version-history":[{"count":3,"href":"https:\/\/impactodenoticias.com.ar\/index.php?rest_route=\/wp\/v2\/posts\/10831\/revisions"}],"predecessor-version":[{"id":10836,"href":"https:\/\/impactodenoticias.com.ar\/index.php?rest_route=\/wp\/v2\/posts\/10831\/revisions\/10836"}],"wp:featuredmedia":[{"embeddable":true,"href":"https:\/\/impactodenoticias.com.ar\/index.php?rest_route=\/wp\/v2\/media\/10832"}],"wp:attachment":[{"href":"https:\/\/impactodenoticias.com.ar\/index.php?rest_route=%2Fwp%2Fv2%2Fmedia&parent=10831"}],"wp:term":[{"taxonomy":"category","embeddable":true,"href":"https:\/\/impactodenoticias.com.ar\/index.php?rest_route=%2Fwp%2Fv2%2Fcategories&post=10831"},{"taxonomy":"post_tag","embeddable":true,"href":"https:\/\/impactodenoticias.com.ar\/index.php?rest_route=%2Fwp%2Fv2%2Ftags&post=10831"}],"curies":[{"name":"wp","href":"https:\/\/api.w.org\/{rel}","templated":true}]}}