{"id":10916,"date":"2025-02-05T18:54:47","date_gmt":"2025-02-05T21:54:47","guid":{"rendered":"https:\/\/impactodenoticias.com.ar\/?p=10916"},"modified":"2025-02-05T18:54:47","modified_gmt":"2025-02-05T21:54:47","slug":"parana-a-un-joven-le-exploto-el-motor-del-auto-y-se-encuentra-en-grave-estado","status":"publish","type":"post","link":"https:\/\/impactodenoticias.com.ar\/?p=10916","title":{"rendered":"Paran\u00e1: a un joven le explot\u00f3 el motor del auto y se encuentra en grave estado"},"content":{"rendered":"\n<p class=\"has-medium-font-size\"><strong>Internaron a un joven en Paran\u00e1 con graves heridas despu\u00e9s que explotara el motor de su auto cuando lo estaba arreglando. El parte m\u00e9dico.<\/strong><\/p>\n\n\n\n<p>Un joven oriundo de General Ram\u00edrez fue internado en Paran\u00e1 tras sufrir heridas graves en medio de la explosi\u00f3n del motor de su auto cuando lo estaba arreglando. Se realiz\u00f3 un pedido de oraciones a trav\u00e9s de redes sociales para pedir por su recuperaci\u00f3n.<\/p>\n\n\n\n<p>Su nombre es Ignacio Gabriel Kerk y tiene 25 a\u00f1os. El episodio se produjo en su vivienda, ubicada en calle Libertador. La explosi\u00f3n le provoc\u00f3 quemaduras de primer y segundo grado en el torso y el rostro. Recibi\u00f3 atenci\u00f3n m\u00e9dica de urgencia en su ciudad y luego fue trasladado de urgencia a Paran\u00e1.<\/p>\n\n\n\n<p class=\"has-medium-font-size\"><strong>El parte m\u00e9dico<\/strong><\/p>\n\n\n\n<p>Se dieron a conocer detalles sobre el estado de salud del joven que fue herido de gravedad luego de sufrir quemaduras por una explosi\u00f3n del motor de su auto.<\/p>\n\n\n\n<p>\u201cEste tipo de patolog\u00edas es muy grave y el pron\u00f3stico es incierto\u201d, indic\u00f3 el jefe de Guardia del Hospital San Mart\u00edn de Paran\u00e1, Hern\u00e1n Gim\u00e9nez.<\/p>\n\n\n\n<p>Seg\u00fan el \u00faltimo parte m\u00e9dico, el joven sigue internado en Terapia Intensiva, en coma farmacol\u00f3gico, pero se encuentra estable. \u201cHemos logrado estabilizarlo hemodin\u00e1micamente\u201d, precis\u00f3 el m\u00e9dico.<\/p>\n\n\n\n<p>El paciente \u201ctuvo quemaduras severas, sobre todo en el rostro aunque tiene algunas en el t\u00f3rax y los hombros\u201d, acot\u00f3.<\/p>\n\n\n\n<p>\u201cEstamos conformes con la evoluci\u00f3n en sus primeras horas, que son las m\u00e1s complicadas. Dentro de su cuadro, estamos esperanzados. Es dif\u00edcil a futuro y el pron\u00f3stico es reservado\u201c, finaliz\u00f3 Gim\u00e9nez.<\/p>\n","protected":false},"excerpt":{"rendered":"<p>Internaron a un joven en Paran&aacute; con graves heridas despu&eacute;s que explotara el motor de su auto cuando lo estaba arreglando. El parte m&eacute;dico. Un joven oriundo de General Ram&iacute;rez fue internado en Paran&aacute; tras sufrir heridas graves en medio de la explosi&oacute;n del motor de su auto cuando lo estaba arreglando. Se realiz&oacute; un [&hellip;]<\/p>\n","protected":false},"author":2,"featured_media":10917,"comment_status":"open","ping_status":"open","sticky":false,"template":"","format":"standard","meta":{"footnotes":""},"categories":[8,4],"tags":[507,122,4294,4299,826,460,2079,4298,2782,4295,95,4297],"class_list":["post-10916","post","type-post","status-publish","format-standard","has-post-thumbnail","hentry","category-policiales","category-provinciales","tag-auto","tag-estado","tag-exploto","tag-gabriel-kerk","tag-general-ramirez-2","tag-grave","tag-hospital-san-martin","tag-intensiva","tag-internado","tag-motor","tag-parana","tag-terapia"],"_links":{"self":[{"href":"https:\/\/impactodenoticias.com.ar\/index.php?rest_route=\/wp\/v2\/posts\/10916","targetHints":{"allow":["GET"]}}],"collection":[{"href":"https:\/\/impactodenoticias.com.ar\/index.php?rest_route=\/wp\/v2\/posts"}],"about":[{"href":"https:\/\/impactodenoticias.com.ar\/index.php?rest_route=\/wp\/v2\/types\/post"}],"author":[{"embeddable":true,"href":"https:\/\/impactodenoticias.com.ar\/index.php?rest_route=\/wp\/v2\/users\/2"}],"replies":[{"embeddable":true,"href":"https:\/\/impactodenoticias.com.ar\/index.php?rest_route=%2Fwp%2Fv2%2Fcomments&post=10916"}],"version-history":[{"count":1,"href":"https:\/\/impactodenoticias.com.ar\/index.php?rest_route=\/wp\/v2\/posts\/10916\/revisions"}],"predecessor-version":[{"id":10918,"href":"https:\/\/impactodenoticias.com.ar\/index.php?rest_route=\/wp\/v2\/posts\/10916\/revisions\/10918"}],"wp:featuredmedia":[{"embeddable":true,"href":"https:\/\/impactodenoticias.com.ar\/index.php?rest_route=\/wp\/v2\/media\/10917"}],"wp:attachment":[{"href":"https:\/\/impactodenoticias.com.ar\/index.php?rest_route=%2Fwp%2Fv2%2Fmedia&parent=10916"}],"wp:term":[{"taxonomy":"category","embeddable":true,"href":"https:\/\/impactodenoticias.com.ar\/index.php?rest_route=%2Fwp%2Fv2%2Fcategories&post=10916"},{"taxonomy":"post_tag","embeddable":true,"href":"https:\/\/impactodenoticias.com.ar\/index.php?rest_route=%2Fwp%2Fv2%2Ftags&post=10916"}],"curies":[{"name":"wp","href":"https:\/\/api.w.org\/{rel}","templated":true}]}}