{"id":10929,"date":"2025-02-05T19:16:02","date_gmt":"2025-02-05T22:16:02","guid":{"rendered":"https:\/\/impactodenoticias.com.ar\/?p=10929"},"modified":"2025-02-06T12:29:59","modified_gmt":"2025-02-06T15:29:59","slug":"fin-del-conflicto-entre-iosper-y-la-femer-se-recupera-la-atencion-a-afiliados","status":"publish","type":"post","link":"https:\/\/impactodenoticias.com.ar\/?p=10929","title":{"rendered":"Fin del conflicto entre Iosper y la Femer: se recupera la atenci\u00f3n a afiliados"},"content":{"rendered":"\n<h2 class=\"wp-block-heading\">La obra social y la entidad m\u00e9dica arribaron a un acuerdo por los fondos adeudados. M\u00e1s de 300 mil afiliados recuperan las prestaciones.<\/h2>\n\n\n\n<p>El equipo interventor del Instituto de Obra Social de Entre R\u00edos (IOSPER) y la Federaci\u00f3n M\u00e9dica de Entre R\u00edos arribaron a un acuerdo para restablecer los servicios que la entidad m\u00e9dica hab\u00eda cortado hace una semana.<\/p>\n\n\n\n<p>El acuerdo rubricado entre los interventores y las autoridades de la Federaci\u00f3n M\u00e9dica, seg\u00fan lo informado oficialmente, establece que la obra social paga la deuda pendiente de dos meses de 2024 -octubre y noviembre- y los profesionales vuelven a dar cobertura a cerca de 300 mil afiliados.<\/p>\n\n\n\n<p>Adem\u00e1s se acord\u00f3 pagar la facturaci\u00f3n del mes de diciembre de 2024, presentada en enero, en dos partes: la mitad el 28 de febrero y el otro 50% el 13 de marzo. En marzo, adem\u00e1s, ser\u00e1 suscripto un nuevo convenio entre las partes.<\/p>\n\n\n\n<p>\u201cNuestra prioridad es proteger los derechos y los beneficios de nuestros afiliados y que cuenten con las prestaciones como corresponde; pero, adem\u00e1s, estamos trabajando seria y responsablemente para normalizar y ordenar la obra social de los entrerrianos. El estado de situaci\u00f3n actual es producto de los desmanejos, las irregularidades y la ineficiencia en la gesti\u00f3n durante los \u00faltimos 20 a\u00f1os\u201d, asegur\u00f3 el equipo interventor.<\/p>\n","protected":false},"excerpt":{"rendered":"<p>La obra social y la entidad m&eacute;dica arribaron a un acuerdo por los fondos adeudados. M&aacute;s de 300 mil afiliados recuperan las prestaciones. El equipo interventor del Instituto de Obra Social de Entre R&iacute;os (IOSPER) y la Federaci&oacute;n M&eacute;dica de Entre R&iacute;os arribaron a un acuerdo para restablecer los servicios que la entidad m&eacute;dica hab&iacute;a [&hellip;]<\/p>\n","protected":false},"author":2,"featured_media":10930,"comment_status":"open","ping_status":"open","sticky":false,"template":"","format":"standard","meta":{"footnotes":""},"categories":[4,49],"tags":[607,3182,329],"class_list":["post-10929","post","type-post","status-publish","format-standard","has-post-thumbnail","hentry","category-provinciales","category-sociedad","tag-acuerdo","tag-femer","tag-iosper"],"_links":{"self":[{"href":"https:\/\/impactodenoticias.com.ar\/index.php?rest_route=\/wp\/v2\/posts\/10929","targetHints":{"allow":["GET"]}}],"collection":[{"href":"https:\/\/impactodenoticias.com.ar\/index.php?rest_route=\/wp\/v2\/posts"}],"about":[{"href":"https:\/\/impactodenoticias.com.ar\/index.php?rest_route=\/wp\/v2\/types\/post"}],"author":[{"embeddable":true,"href":"https:\/\/impactodenoticias.com.ar\/index.php?rest_route=\/wp\/v2\/users\/2"}],"replies":[{"embeddable":true,"href":"https:\/\/impactodenoticias.com.ar\/index.php?rest_route=%2Fwp%2Fv2%2Fcomments&post=10929"}],"version-history":[{"count":1,"href":"https:\/\/impactodenoticias.com.ar\/index.php?rest_route=\/wp\/v2\/posts\/10929\/revisions"}],"predecessor-version":[{"id":10931,"href":"https:\/\/impactodenoticias.com.ar\/index.php?rest_route=\/wp\/v2\/posts\/10929\/revisions\/10931"}],"wp:featuredmedia":[{"embeddable":true,"href":"https:\/\/impactodenoticias.com.ar\/index.php?rest_route=\/wp\/v2\/media\/10930"}],"wp:attachment":[{"href":"https:\/\/impactodenoticias.com.ar\/index.php?rest_route=%2Fwp%2Fv2%2Fmedia&parent=10929"}],"wp:term":[{"taxonomy":"category","embeddable":true,"href":"https:\/\/impactodenoticias.com.ar\/index.php?rest_route=%2Fwp%2Fv2%2Fcategories&post=10929"},{"taxonomy":"post_tag","embeddable":true,"href":"https:\/\/impactodenoticias.com.ar\/index.php?rest_route=%2Fwp%2Fv2%2Ftags&post=10929"}],"curies":[{"name":"wp","href":"https:\/\/api.w.org\/{rel}","templated":true}]}}