{"id":10932,"date":"2025-02-05T19:26:30","date_gmt":"2025-02-05T22:26:30","guid":{"rendered":"https:\/\/impactodenoticias.com.ar\/?p=10932"},"modified":"2025-02-06T12:29:51","modified_gmt":"2025-02-06T15:29:51","slug":"la-fiscalia-presento-la-remision-a-juicio-de-la-causa-contra-juan-ruiz-orrico-por-el-choque-fatal-ocurrido-en-ruta-39","status":"publish","type":"post","link":"https:\/\/impactodenoticias.com.ar\/?p=10932","title":{"rendered":"La Fiscal\u00eda present\u00f3 la remisi\u00f3n a juicio de la causa contra Juan Ru\u00edz Orrico por el choque fatal ocurrido en Ruta 39"},"content":{"rendered":"\n<p class=\"has-medium-font-size\"><strong>Fiscal\u00eda present\u00f3 la remisi\u00f3n de la causa a juicio contra el exfuncionario del gobierno de la provincia, Juan Ru\u00edz Orrico, quien en estado de ebriedad y al conduciendo un auto oficial choc\u00f3 y mat\u00f3 a cuatro j\u00f3venes de Basavilbaso que se trasladaban a trabajar a un frigor\u00edfico de la zona.<\/strong><\/p>\n\n\n\n<p>La Fiscal\u00eda present\u00f3 la remisi\u00f3n de la causa a juicio contra el exfuncionario del gobierno provincial, Juan Ru\u00edz Orrico, quien en estado de ebriedad y conduciendo un auto oficial choc\u00f3 y mat\u00f3 a cuatro j\u00f3venes de Basavilbaso que iban a trabajar a un frigor\u00edfico de la zona.<\/p>\n\n\n\n<p>El siniestro fatal ocurri\u00f3 el 20 de junio de 2024, en el kil\u00f3metro 223 de la ruta 39. En ese lugar embistieron de frente al Chevrolet Corsa en el que iban los cuatro trabajadores y el auto del gobierno entrerriano conducido por el entonces director del Instituto Portuario Provincial.<\/p>\n\n\n\n<p>Seg\u00fan informaron a <strong>IMPACTO DE NOTICIAS<\/strong>, este mi\u00e9rcoles por la ma\u00f1ana, se llev\u00f3 a cabo una audiencia para tratar la situaci\u00f3n del exfuncionario, que se encuentra en libertad, pero con domicilio fijado en Colonia Rinc\u00f3n Gen\u00e1, cercan\u00edas de Estaci\u00f3n Herrera, bajo cuidado de un familiar y con la prohibici\u00f3n de salir del departamento Uruguay.<\/p>\n\n\n\n<p>La diligencia se llev\u00f3 a cabo en la Sala de la OGA, ante el juez Gustavo D\u00edaz, agregando como dato que el querellante, Mario Arcusin estuvo presente de manera virtual.<\/p>\n\n\n\n<p>En el transcurso de la audiencia se resolvi\u00f3 mantener la medida de coerci\u00f3n por otros 90 d\u00edas, la novedad fue que el fiscal Eduardo Santo present\u00f3 la remisi\u00f3n a juicio, bajo los cargos de \u201cHomicidio culposo agravado por el consumo de bebida alcoh\u00f3lica y cantidad de v\u00edctimas\u201d.<\/p>\n\n\n\n<p>Por el momento se deber\u00e1 esperar que se corra traslado a la querella y luego a la defensa, para as\u00ed fijarse nueva fecha y definir en la audiencia la remisi\u00f3n. La defensa de la pareja de la jueza de la C\u00e1mara de Casaci\u00f3n Penal de Concordia, Evangelina Bruzzo, podr\u00eda oponerse u ofrecer nuevas pruebas.<\/p>\n\n\n\n<p class=\"has-medium-font-size\"><strong>El accidente fatal<\/strong><\/p>\n\n\n\n<p>Alrededor de las 5 del jueves 20 de junio. Orrico iba al mando de un Volkswagen Passat (veh\u00edculo oficial) con un nivel de alcoholemia superior a un gramo por litro de sangre, con el cual invadi\u00f3 el carril contrario e impact\u00f3 de frente contra el Chevrolet Corsa, en el que se trasladaban las cuatro personas fallecidas.<\/p>\n\n\n\n<p><\/p>\n\n\n\n<figure class=\"wp-block-image size-full\"><img loading=\"lazy\" decoding=\"async\" width=\"919\" height=\"597\" src=\"https:\/\/impactodenoticias.com.ar\/wp-content\/uploads\/2025\/02\/php3v0lPG_6684875e559c65_87143988.jpg\" alt=\"\" class=\"wp-image-10933\" srcset=\"https:\/\/impactodenoticias.com.ar\/wp-content\/uploads\/2025\/02\/php3v0lPG_6684875e559c65_87143988.jpg 919w, https:\/\/impactodenoticias.com.ar\/wp-content\/uploads\/2025\/02\/php3v0lPG_6684875e559c65_87143988-300x195.jpg 300w, https:\/\/impactodenoticias.com.ar\/wp-content\/uploads\/2025\/02\/php3v0lPG_6684875e559c65_87143988-768x499.jpg 768w\" sizes=\"auto, (max-width: 919px) 100vw, 919px\" \/><\/figure>\n\n\n\n<p><\/p>\n\n\n\n<p>Estas personas eran trabajadores del Frigor\u00edfico Fadel de Pronunciamiento que iban a su trabajo, siendo Leonardo Almada, de Rosario del Tala; Lucas y Brian Izaguirre, ambos de Basavilbaso; y Axel Rossi, tambi\u00e9n de la misma ciudad ferrovaria.<\/p>\n\n\n\n<p>Orrico hab\u00eda estado cenando en casa del presidente del Consejo de la Magistratura, Mauro Vaz\u00f3n.<\/p>\n","protected":false},"excerpt":{"rendered":"<p>Fiscal&iacute;a present&oacute; la remisi&oacute;n de la causa a juicio contra el exfuncionario del gobierno de la provincia, Juan Ru&iacute;z Orrico, quien en estado de ebriedad y al conduciendo un auto oficial choc&oacute; y mat&oacute; a cuatro j&oacute;venes de Basavilbaso que se trasladaban a trabajar a un frigor&iacute;fico de la zona. La Fiscal&iacute;a present&oacute; la remisi&oacute;n [&hellip;]<\/p>\n","protected":false},"author":2,"featured_media":10934,"comment_status":"open","ping_status":"open","sticky":false,"template":"","format":"standard","meta":{"footnotes":""},"categories":[90,4],"tags":[120,652,119,3829,1013,106,1350,4303],"class_list":["post-10932","post","type-post","status-publish","format-standard","has-post-thumbnail","hentry","category-judicial","category-provinciales","tag-accidente","tag-choque","tag-fatal","tag-fiscalia","tag-gustavo-diaz","tag-juan-ruiz-orrico","tag-juicio","tag-remision"],"_links":{"self":[{"href":"https:\/\/impactodenoticias.com.ar\/index.php?rest_route=\/wp\/v2\/posts\/10932","targetHints":{"allow":["GET"]}}],"collection":[{"href":"https:\/\/impactodenoticias.com.ar\/index.php?rest_route=\/wp\/v2\/posts"}],"about":[{"href":"https:\/\/impactodenoticias.com.ar\/index.php?rest_route=\/wp\/v2\/types\/post"}],"author":[{"embeddable":true,"href":"https:\/\/impactodenoticias.com.ar\/index.php?rest_route=\/wp\/v2\/users\/2"}],"replies":[{"embeddable":true,"href":"https:\/\/impactodenoticias.com.ar\/index.php?rest_route=%2Fwp%2Fv2%2Fcomments&post=10932"}],"version-history":[{"count":1,"href":"https:\/\/impactodenoticias.com.ar\/index.php?rest_route=\/wp\/v2\/posts\/10932\/revisions"}],"predecessor-version":[{"id":10935,"href":"https:\/\/impactodenoticias.com.ar\/index.php?rest_route=\/wp\/v2\/posts\/10932\/revisions\/10935"}],"wp:featuredmedia":[{"embeddable":true,"href":"https:\/\/impactodenoticias.com.ar\/index.php?rest_route=\/wp\/v2\/media\/10934"}],"wp:attachment":[{"href":"https:\/\/impactodenoticias.com.ar\/index.php?rest_route=%2Fwp%2Fv2%2Fmedia&parent=10932"}],"wp:term":[{"taxonomy":"category","embeddable":true,"href":"https:\/\/impactodenoticias.com.ar\/index.php?rest_route=%2Fwp%2Fv2%2Fcategories&post=10932"},{"taxonomy":"post_tag","embeddable":true,"href":"https:\/\/impactodenoticias.com.ar\/index.php?rest_route=%2Fwp%2Fv2%2Ftags&post=10932"}],"curies":[{"name":"wp","href":"https:\/\/api.w.org\/{rel}","templated":true}]}}