{"id":10936,"date":"2025-02-06T09:31:27","date_gmt":"2025-02-06T12:31:27","guid":{"rendered":"https:\/\/impactodenoticias.com.ar\/?p=10936"},"modified":"2025-02-06T09:31:28","modified_gmt":"2025-02-06T12:31:28","slug":"clima-en-entre-rios-se-anticipan-temperaturas-elevadas-para-el-fin-de-semana","status":"publish","type":"post","link":"https:\/\/impactodenoticias.com.ar\/?p=10936","title":{"rendered":"Clima en Entre R\u00edos: se anticipan temperaturas elevadas para el fin de semana"},"content":{"rendered":"\n<p class=\"has-medium-font-size\"><strong>Tras el breve alivio comenzar\u00e1n a subir las marcas t\u00e9rmicas en la provincia. La m\u00e1xima para este jueves ser\u00e1 de 33 grados y se aguarda un incremento significativo de las temperaturas para el viernes, s\u00e1bado y domingo.<\/strong><\/p>\n\n\n\n<p>El Servicio Meteorol\u00f3gico Nacional emite un alerta amarillo para Paran\u00e1, Diamante, La Paz, Nogoy\u00e1 y Villaguay. Para este jueves se pronostica una m\u00ednima de 20 grados y una m\u00e1xima de 33 grados. En tanto para el viernes la m\u00e1xima ser\u00e1 de 36 en Paran\u00e1 y \u00e1reas de cercan\u00edas y para el s\u00e1bado y domingo el term\u00f3metro tocar\u00e1 los 39 grados.<\/p>\n\n\n\n<p><\/p>\n\n\n\n<figure class=\"wp-block-image size-full\"><img loading=\"lazy\" decoding=\"async\" width=\"472\" height=\"800\" src=\"https:\/\/impactodenoticias.com.ar\/wp-content\/uploads\/2025\/02\/mapa_temp_extremas.png\" alt=\"\" class=\"wp-image-10937\" srcset=\"https:\/\/impactodenoticias.com.ar\/wp-content\/uploads\/2025\/02\/mapa_temp_extremas.png 472w, https:\/\/impactodenoticias.com.ar\/wp-content\/uploads\/2025\/02\/mapa_temp_extremas-177x300.png 177w\" sizes=\"auto, (max-width: 472px) 100vw, 472px\" \/><\/figure>\n\n\n\n<p><\/p>\n\n\n\n<p class=\"has-medium-font-size\"><strong>Recomendaciones ante temperaturas extremas<\/strong><\/p>\n\n\n\n<p>Aumentar el consumo de agua sin esperar a tener sed para mantener una hidrataci\u00f3n adecuada.<\/p>\n\n\n\n<p>No exponerse al sol en exceso, ni en horas centrales del d\u00eda (entre las 10 y las 16 horas).<\/p>\n\n\n\n<p>Prestar atenci\u00f3n a los beb\u00e9s, ni\u00f1os y ni\u00f1as y a las personas mayores.<\/p>\n\n\n\n<p>Evitar las bebidas con cafe\u00edna, con alcohol o muy azucaradas.<\/p>\n\n\n\n<p>Evitar comidas muy abundantes.<\/p>\n\n\n\n<p>Ingerir verduras y frutas.<\/p>\n\n\n\n<p>Reducir la actividad f\u00edsica.<\/p>\n\n\n\n<p>Usar ropa ligera, holgada y de colores claros; sombrero, anteojos oscuros.<\/p>\n\n\n\n<p>Permanecer en espacios ventilados o acondicionados.<\/p>\n\n\n\n<p>Recordar que no existe un tratamiento farmacol\u00f3gico contra el golpe de calor y s\u00f3lo los m\u00e9todos cl\u00e1sicos, citados arriba, pueden prevenirlo y contrarrestarlo.<\/p>\n\n\n\n<p>Qu\u00e9 es un evento de temperaturas extremas<\/p>\n\n\n\n<p>Un evento de temperaturas extremas es un per\u00edodo en el que se espera que se registren valores de temperatura m\u00e1xima y m\u00ednima que pueden poner en peligro la salud de las personas.<\/p>\n","protected":false},"excerpt":{"rendered":"<p>Tras el breve alivio comenzar&aacute;n a subir las marcas t&eacute;rmicas en la provincia. La m&aacute;xima para este jueves ser&aacute; de 33 grados y se aguarda un incremento significativo de las temperaturas para el viernes, s&aacute;bado y domingo. El Servicio Meteorol&oacute;gico Nacional emite un alerta amarillo para Paran&aacute;, Diamante, La Paz, Nogoy&aacute; y Villaguay. Para este [&hellip;]<\/p>\n","protected":false},"author":2,"featured_media":10652,"comment_status":"open","ping_status":"open","sticky":false,"template":"","format":"standard","meta":{"footnotes":""},"categories":[4,49],"tags":[38,33],"class_list":["post-10936","post","type-post","status-publish","format-standard","has-post-thumbnail","hentry","category-provinciales","category-sociedad","tag-clima","tag-entre-rios"],"_links":{"self":[{"href":"https:\/\/impactodenoticias.com.ar\/index.php?rest_route=\/wp\/v2\/posts\/10936","targetHints":{"allow":["GET"]}}],"collection":[{"href":"https:\/\/impactodenoticias.com.ar\/index.php?rest_route=\/wp\/v2\/posts"}],"about":[{"href":"https:\/\/impactodenoticias.com.ar\/index.php?rest_route=\/wp\/v2\/types\/post"}],"author":[{"embeddable":true,"href":"https:\/\/impactodenoticias.com.ar\/index.php?rest_route=\/wp\/v2\/users\/2"}],"replies":[{"embeddable":true,"href":"https:\/\/impactodenoticias.com.ar\/index.php?rest_route=%2Fwp%2Fv2%2Fcomments&post=10936"}],"version-history":[{"count":1,"href":"https:\/\/impactodenoticias.com.ar\/index.php?rest_route=\/wp\/v2\/posts\/10936\/revisions"}],"predecessor-version":[{"id":10938,"href":"https:\/\/impactodenoticias.com.ar\/index.php?rest_route=\/wp\/v2\/posts\/10936\/revisions\/10938"}],"wp:featuredmedia":[{"embeddable":true,"href":"https:\/\/impactodenoticias.com.ar\/index.php?rest_route=\/wp\/v2\/media\/10652"}],"wp:attachment":[{"href":"https:\/\/impactodenoticias.com.ar\/index.php?rest_route=%2Fwp%2Fv2%2Fmedia&parent=10936"}],"wp:term":[{"taxonomy":"category","embeddable":true,"href":"https:\/\/impactodenoticias.com.ar\/index.php?rest_route=%2Fwp%2Fv2%2Fcategories&post=10936"},{"taxonomy":"post_tag","embeddable":true,"href":"https:\/\/impactodenoticias.com.ar\/index.php?rest_route=%2Fwp%2Fv2%2Ftags&post=10936"}],"curies":[{"name":"wp","href":"https:\/\/api.w.org\/{rel}","templated":true}]}}