{"id":10961,"date":"2025-02-06T11:40:07","date_gmt":"2025-02-06T14:40:07","guid":{"rendered":"https:\/\/impactodenoticias.com.ar\/?p=10961"},"modified":"2025-02-07T14:55:57","modified_gmt":"2025-02-07T17:55:57","slug":"dirigentes-del-fef-mantuvieron-una-reunion-con-sonia-velazquez","status":"publish","type":"post","link":"https:\/\/impactodenoticias.com.ar\/?p=10961","title":{"rendered":"Dirigentes del FEF mantuvieron una reuni\u00f3n con Sonia Vel\u00e1zquez"},"content":{"rendered":"\n<h2 class=\"wp-block-heading\">Del encuentro particip\u00f3 Nicol\u00e1s Parera Deniz, presidente del FEF; y Florencia Busti, vicepresidenta del partido. Junto a Vel\u00e1zquez conversaron sobre las problem\u00e1ticas que atraviesa el sistema de salud entrerriano.<\/h2>\n\n\n\n<p>Dirigentes del Frente Entrerriano Federal (FEF) se reunieron con la exministra de Salud de Entre R\u00edos, Sonia Vel\u00e1zquez. Del encuentro participaron Nicol\u00e1s Parera Deniz, presidente del FEF; Florencia Busti, vicepresidenta del partido y el dirigente Claudio Ava Aispur\u00fa. Junto a Vel\u00e1zquez abordaron las problem\u00e1ticas que atraviesa el sistema de salud entrerriano. En la composici\u00f3n se ve a Nicol\u00e1s Parera Deniz, presidente del FEF; Florencia Busti, vicepresidenta del partido; y Sonia Vel\u00e1zquez.<\/p>\n\n\n\n<p>Durante la reuni\u00f3n, Vel\u00e1zquez expres\u00f3 que el sector \u00abenfrenta una pol\u00edtica de desfinanciamiento a nivel nacional que afecta directamente a los ciudadanos\u00bb. Seg\u00fan indic\u00f3, \u00abesta situaci\u00f3n no es nueva, ya que se observ\u00f3 un escenario similar durante la gesti\u00f3n de Mauricio Macri, cuando se produjo un recorte en los fondos destinados a insumos y programas estrat\u00e9gicos. Sin embargo, en aquel momento, el gobierno provincial asumi\u00f3 la responsabilidad de garantizar los recursos necesarios, algo que, en la actualidad, no est\u00e1 ocurriendo. Como consecuencia, muchos hospitales y centros de salud dependen del esfuerzo y la solidaridad de la sociedad civil para poder continuar brindando atenci\u00f3n\u00bb, destac\u00f3.<\/p>\n\n\n\n<p>Una de las principales preocupaciones planteadas fue \u00abla grave dificultad que enfrentan muchos hospitales y centros de salud para adquirir medicamentos esenciales. Esto se debe a que gran parte de las partidas presupuestarias deben destinarse al pago de servicios b\u00e1sicos como energ\u00eda y seguridad, lo que limita considerablemente los recursos disponibles para la compra de insumos vitales. Esta situaci\u00f3n se ve agravada por la discontinuidad de muchos programas nacionales que sol\u00edan garantizar el suministro de medicamentos y otros recursos\u00bb, advirti\u00f3 la ex funcionaria provincial.<\/p>\n\n\n\n<p>Adem\u00e1s se alert\u00f3 que \u00aba casi trece meses de gesti\u00f3n no se haya entregado equipamiento nuevo a los hospitales ni se haya puesto en funcionamiento el material que a\u00fan aguarda ser utilizado: un ejemplo claro de esta situaci\u00f3n es el equipo de Resonancia Magn\u00e9tica Nuclear, el cual fue gestionado oportunamente y cont\u00f3 con una importante inversi\u00f3n en infraestructura por parte de la provincia para ponerlo operativo\u00bb.<\/p>\n\n\n\n<p class=\"has-medium-font-size\"><strong>Preocupaci\u00f3n por recortes<\/strong><\/p>\n\n\n\n<p>Adem\u00e1s, se manifest\u00f3 la \u00abpreocupaci\u00f3n por una decisi\u00f3n reciente tomada por la administraci\u00f3n de Javier Milei: la reducci\u00f3n del personal en \u00e1reas clave del Ministerio de Salud. Se ha dispuesto una disminuci\u00f3n del 40% en la Direcci\u00f3n de Respuesta al VIH, Hepatitis y Tuberculosis, y un recorte del 31% en la Direcci\u00f3n de Vacunaci\u00f3n (Dicei). Estas medidas, en un contexto de crisis sanitaria global y local, agravan a\u00fan m\u00e1s las debilidades del sistema de salud, afectando de manera directa la respuesta a enfermedades prioritarias y el acceso a la vacunaci\u00f3n, elementos esenciales para garantizar la salud p\u00fablica\u00bb.<\/p>\n\n\n\n<p class=\"has-medium-font-size\"><strong>El Iosper<\/strong><\/p>\n\n\n\n<p>Otro de los temas abordados en el encuentro fue la reciente intervenci\u00f3n del Instituto de Obra Social de la Provincia de Entre R\u00edos (Iosper) por parte del gobierno provincial, \u00abquit\u00e1ndole la administraci\u00f3n a los trabajadores\u00bb. Sobre este tema Vel\u00e1zquez record\u00f3 que \u00abfue Jorge Pedro Busti quien, en 1997, estableci\u00f3 que la conducci\u00f3n de la obra social deb\u00eda estar en manos de los trabajadores, garantizando su autonom\u00eda y representaci\u00f3n\u00bb.<\/p>\n\n\n\n<p>Mientras que Nicol\u00e1s Parera Deniz manifest\u00f3 su \u00abinquietud sobre la intervenci\u00f3n del Iosper\u00bb, calific\u00e1ndola como \u00abuna medida cuestionable\u00bb. \u00abPara arreglar algo que no funciona, no hace falta estropear lo que s\u00ed lo hace\u00bb, indic\u00f3. Y se solidariz\u00f3 con el reclamo de la Federaci\u00f3n M\u00e9dica de Entre R\u00edos (FEMER), \u00abcuyos miembros fueron injustamente calificados como extorsionadores\u00bb. \u00abSon profesionales que simplemente buscan cobrar por su trabajo\u00bb, remarc\u00f3.<\/p>\n\n\n\n<p>Vel\u00e1zquez advirti\u00f3 que \u00abtoda intervenci\u00f3n deber\u00eda ser transitoria y, hasta el momento, no se han observado se\u00f1ales claras de que el gobierno tenga intenciones de normalizar la situaci\u00f3n del Iosper, lo que genera incertidumbre y preocupaci\u00f3n en el sector de la salud\u00bb.<\/p>\n\n\n\n<p>La dirigente justicialista manifest\u00f3: \u00abEs fundamental levantar nuestras voces para seguir defendiendo la naturaleza solidaria de la obra social, especialmente frente a la devaluaci\u00f3n de nuestra moneda y la desregulaci\u00f3n de las prepagas, como lo establece el DNU 70 de diciembre de 2023. Estas pol\u00edticas han erosionado de forma progresiva los recursos destinados a financiar un sistema de salud que ve c\u00f3mo sus costos aumentan de manera constante, impulsados tambi\u00e9n por la incorporaci\u00f3n de nuevas tecnolog\u00edas, medicamentos y suministros que cada vez son m\u00e1s inaccesibles. A todo esto, se suma que un gran porcentaje de la poblaci\u00f3n se ve cada vez m\u00e1s excluida del acceso a una atenci\u00f3n adecuada, lo que agrava a\u00fan m\u00e1s la situaci\u00f3n del sistema\u00bb, concluy\u00f3.<\/p>\n","protected":false},"excerpt":{"rendered":"<p>Del encuentro particip&oacute; Nicol&aacute;s Parera Deniz, presidente del FEF; y Florencia Busti, vicepresidenta del partido. Junto a Vel&aacute;zquez conversaron sobre las problem&aacute;ticas que atraviesa el sistema de salud entrerriano. Dirigentes del Frente Entrerriano Federal (FEF) se reunieron con la exministra de Salud de Entre R&iacute;os, Sonia Vel&aacute;zquez. Del encuentro participaron Nicol&aacute;s Parera Deniz, presidente del [&hellip;]<\/p>\n","protected":false},"author":2,"featured_media":10962,"comment_status":"open","ping_status":"open","sticky":false,"template":"","format":"standard","meta":{"footnotes":""},"categories":[11,4,49],"tags":[33,1808,1809,329,1813,310,1127,4319],"class_list":["post-10961","post","type-post","status-publish","format-standard","has-post-thumbnail","hentry","category-politica","category-provinciales","category-sociedad","tag-entre-rios","tag-fef","tag-florencia-busti","tag-iosper","tag-nicolas-parera-deniz","tag-reunion","tag-salud","tag-sonia-velazquez"],"_links":{"self":[{"href":"https:\/\/impactodenoticias.com.ar\/index.php?rest_route=\/wp\/v2\/posts\/10961","targetHints":{"allow":["GET"]}}],"collection":[{"href":"https:\/\/impactodenoticias.com.ar\/index.php?rest_route=\/wp\/v2\/posts"}],"about":[{"href":"https:\/\/impactodenoticias.com.ar\/index.php?rest_route=\/wp\/v2\/types\/post"}],"author":[{"embeddable":true,"href":"https:\/\/impactodenoticias.com.ar\/index.php?rest_route=\/wp\/v2\/users\/2"}],"replies":[{"embeddable":true,"href":"https:\/\/impactodenoticias.com.ar\/index.php?rest_route=%2Fwp%2Fv2%2Fcomments&post=10961"}],"version-history":[{"count":1,"href":"https:\/\/impactodenoticias.com.ar\/index.php?rest_route=\/wp\/v2\/posts\/10961\/revisions"}],"predecessor-version":[{"id":10963,"href":"https:\/\/impactodenoticias.com.ar\/index.php?rest_route=\/wp\/v2\/posts\/10961\/revisions\/10963"}],"wp:featuredmedia":[{"embeddable":true,"href":"https:\/\/impactodenoticias.com.ar\/index.php?rest_route=\/wp\/v2\/media\/10962"}],"wp:attachment":[{"href":"https:\/\/impactodenoticias.com.ar\/index.php?rest_route=%2Fwp%2Fv2%2Fmedia&parent=10961"}],"wp:term":[{"taxonomy":"category","embeddable":true,"href":"https:\/\/impactodenoticias.com.ar\/index.php?rest_route=%2Fwp%2Fv2%2Fcategories&post=10961"},{"taxonomy":"post_tag","embeddable":true,"href":"https:\/\/impactodenoticias.com.ar\/index.php?rest_route=%2Fwp%2Fv2%2Ftags&post=10961"}],"curies":[{"name":"wp","href":"https:\/\/api.w.org\/{rel}","templated":true}]}}