{"id":10970,"date":"2025-02-06T12:07:16","date_gmt":"2025-02-06T15:07:16","guid":{"rendered":"https:\/\/impactodenoticias.com.ar\/?p=10970"},"modified":"2025-02-06T12:07:17","modified_gmt":"2025-02-06T15:07:17","slug":"volco-una-camioneta-en-la-autovia-14-y-una-mujer-fallecio-en-el-lugar","status":"publish","type":"post","link":"https:\/\/impactodenoticias.com.ar\/?p=10970","title":{"rendered":"Volc\u00f3 una camioneta en la autov\u00eda 14 y una mujer falleci\u00f3 en el lugar"},"content":{"rendered":"\n<p class=\"has-medium-font-size\"><strong>Una pareja que se trasladaba desde la provincia de Buenos Aires volc\u00f3 en el departamento Col\u00f3n y una mujer, de 64 a\u00f1os, perdi\u00f3 la vida en el acto.<\/strong><\/p>\n\n\n\n<p>Una camioneta volc\u00f3 este jueves en horas de la ma\u00f1ana en la autov\u00eda 14 en inmediaciones de Col\u00f3n y muri\u00f3 una mujer oriunda de Buenos Aires, mientras que su esposo termin\u00f3 con heridas.<\/p>\n\n\n\n<p>El siniestro vial fatal se produjo las 8 en el kil\u00f3metro 186. La camioneta, una Ford Ranger, era conducida por el hombre de 73 a\u00f1os, acompa\u00f1ado por su pareja de 64, ambos oriundos de Don Torcuato, Buenos Aires.<\/p>\n\n\n\n<p>Seg\u00fan informaci\u00f3n brindada por fuentes policiales a <strong>IMPACTO DE NOTICIAS<\/strong>, el conductor \u201cmordi\u00f3\u201d accidentalmente la banquina y volc\u00f3 quedando al costado de la autov\u00eda.<\/p>\n\n\n\n<p>Debido a la violencia del impacto la mujer perdi\u00f3 la vida en el lugar del accidente. Fue trasladada al hospital de Col\u00f3n, donde habr\u00eda ingresado ya fallecida.<\/p>\n\n\n\n<p>Por su parter el esposo sobrevivi\u00f3 y fue atendido por personal m\u00e9dico de emergencias en el lugar, sin lesiones de gravedad hasta el momento.<\/p>\n\n\n\n<p>La camioneta viajaba en sentido sur-norte y trabaj\u00f3 personal policial del Puesto Caminero Mabraga\u00f1\u00e1, de la comisar\u00eda de La Clarita y Bomberos Voluntarios de Ubajay.<\/p>\n","protected":false},"excerpt":{"rendered":"<p>Una pareja que se trasladaba desde la provincia de Buenos Aires volc&oacute; en el departamento Col&oacute;n y una mujer, de 64 a&ntilde;os, perdi&oacute; la vida en el acto. Una camioneta volc&oacute; este jueves en horas de la ma&ntilde;ana en la autov&iacute;a 14 en inmediaciones de Col&oacute;n y muri&oacute; una mujer oriunda de Buenos Aires, mientras [&hellip;]<\/p>\n","protected":false},"author":2,"featured_media":10971,"comment_status":"open","ping_status":"open","sticky":false,"template":"","format":"standard","meta":{"footnotes":""},"categories":[8,4],"tags":[521,402,4323,369,182,336],"class_list":["post-10970","post","type-post","status-publish","format-standard","has-post-thumbnail","hentry","category-policiales","category-provinciales","tag-autovia-14","tag-camioneta","tag-don-torcuato","tag-muerte","tag-mujer","tag-vuelco"],"_links":{"self":[{"href":"https:\/\/impactodenoticias.com.ar\/index.php?rest_route=\/wp\/v2\/posts\/10970","targetHints":{"allow":["GET"]}}],"collection":[{"href":"https:\/\/impactodenoticias.com.ar\/index.php?rest_route=\/wp\/v2\/posts"}],"about":[{"href":"https:\/\/impactodenoticias.com.ar\/index.php?rest_route=\/wp\/v2\/types\/post"}],"author":[{"embeddable":true,"href":"https:\/\/impactodenoticias.com.ar\/index.php?rest_route=\/wp\/v2\/users\/2"}],"replies":[{"embeddable":true,"href":"https:\/\/impactodenoticias.com.ar\/index.php?rest_route=%2Fwp%2Fv2%2Fcomments&post=10970"}],"version-history":[{"count":1,"href":"https:\/\/impactodenoticias.com.ar\/index.php?rest_route=\/wp\/v2\/posts\/10970\/revisions"}],"predecessor-version":[{"id":10972,"href":"https:\/\/impactodenoticias.com.ar\/index.php?rest_route=\/wp\/v2\/posts\/10970\/revisions\/10972"}],"wp:featuredmedia":[{"embeddable":true,"href":"https:\/\/impactodenoticias.com.ar\/index.php?rest_route=\/wp\/v2\/media\/10971"}],"wp:attachment":[{"href":"https:\/\/impactodenoticias.com.ar\/index.php?rest_route=%2Fwp%2Fv2%2Fmedia&parent=10970"}],"wp:term":[{"taxonomy":"category","embeddable":true,"href":"https:\/\/impactodenoticias.com.ar\/index.php?rest_route=%2Fwp%2Fv2%2Fcategories&post=10970"},{"taxonomy":"post_tag","embeddable":true,"href":"https:\/\/impactodenoticias.com.ar\/index.php?rest_route=%2Fwp%2Fv2%2Ftags&post=10970"}],"curies":[{"name":"wp","href":"https:\/\/api.w.org\/{rel}","templated":true}]}}