{"id":10973,"date":"2025-02-06T12:13:55","date_gmt":"2025-02-06T15:13:55","guid":{"rendered":"https:\/\/impactodenoticias.com.ar\/?p=10973"},"modified":"2025-02-07T14:55:50","modified_gmt":"2025-02-07T17:55:50","slug":"entre-rios-43-ninos-y-25-adolescentes-buscan-una-familia","status":"publish","type":"post","link":"https:\/\/impactodenoticias.com.ar\/?p=10973","title":{"rendered":"Entre R\u00edos: 43 ni\u00f1os y 25 adolescentes buscan una familia"},"content":{"rendered":"\n<h2 class=\"wp-block-heading\">Desde el 14 al 27 de febrero se encontrar\u00e1 abierta la inscripci\u00f3n para la primera convocatoria del a\u00f1o a padres y madres interesados en la adopci\u00f3n.<\/h2>\n\n\n\n<p>El Registro \u00danico de Aspirantes a Guarda con fines Adoptivos (RUAER), se encuentra en proceso de b\u00fasqueda de familias para 43 ni\u00f1os y ni\u00f1as de entre 0 y 12 a\u00f1os y para 25 adolescentes de entre 13 y 17 a\u00f1os de edad. La mayor\u00eda supera los 8 a\u00f1os y\/o se encuentran dentro de un grupo de hermanos. Informaron adem\u00e1s que algunos de ellos presentan cierta situaci\u00f3n de salud que requiere tratamiento.<\/p>\n\n\n\n<p>El organismo, dependiente del Ministerio P\u00fablico de la Defensa, estableci\u00f3 que desde el 14 al 27 de febrero inclusive -10 d\u00edas h\u00e1biles- estar\u00e1 abierta la primera convocatoria del a\u00f1o para recibir solicitudes de inscripci\u00f3n de quienes est\u00e9n en condiciones de darle una familia a los ni\u00f1os y ni\u00f1as que hoy la est\u00e1n buscando.<\/p>\n\n\n\n<p>Adem\u00e1s, el 13 de febrero a las 15 se llevar\u00e1 a cabo el Encuentro obligatorio que se llevar\u00e1 a cabo en modalidad presencial en Villaguay. Es el primer paso para solicitar la inscripci\u00f3n en el Registro. En dicha instancia se brindar\u00e1 informaci\u00f3n relevante sobre el tr\u00e1mite a realizar y, en particular, se abordar\u00e1 la realidad de la adopci\u00f3n y sus implicancias.<\/p>\n\n\n\n<p>Quienes est\u00e9n interesados\/as en participar deben completar el formulario en este enlace.<\/p>\n\n\n\n<p>Las personas que participen de dicho encuentro estar\u00e1n habilitadas entre el 14 y el 27 de febrero (10 d\u00edas h\u00e1biles), para remitir el formulario de inscripci\u00f3n y la documentaci\u00f3n requerida por ley para integrar el Legajo.<\/p>\n\n\n\n<p>Este tr\u00e1mite es exclusivo para personas residentes en Entre R\u00edos y la remisi\u00f3n de la documental y del formulario se debe efectuar mediante correo electr\u00f3nico.<\/p>\n\n\n\n<p>Toda la informaci\u00f3n referente al paso a paso de la solicitud de inscripci\u00f3n, como as\u00ed tambi\u00e9n el detalle de los requisitos a presentar est\u00e1 disponible <a href=\"https:\/\/inscripcionruaer.jusentrerios.gov.ar\/\">AQU\u00cd<\/a><\/p>\n\n\n\n<p>Para evacuar consultas, las personas interesadas deben comunicarse de lunes a viernes, de 7 a 13 , a los tel\u00e9fonos: (0343) 4209575\/76, por correo electr\u00f3nico (<a href=\"mailto:ruaer@jusentrerios.gov.ar\">ruaer@jusentrerios.gov.ar<\/a>) o por medio de mensajes por Whatsapp al 549 343 5329475.<\/p>\n\n\n\n<p>Adem\u00e1s est\u00e1n disponibles las redes sociales: Instagram: <a href=\"http:\/\/@ruaer_mpd\">@ruaer_mpd<\/a> y Facebook: Registro de Adoptantes de Entre R\u00edos \u2013 RUAER.<\/p>\n","protected":false},"excerpt":{"rendered":"<p>Desde el 14 al 27 de febrero se encontrar&aacute; abierta la inscripci&oacute;n para la primera convocatoria del a&ntilde;o a padres y madres interesados en la adopci&oacute;n. El Registro &Uacute;nico de Aspirantes a Guarda con fines Adoptivos (RUAER), se encuentra en proceso de b&uacute;squeda de familias para 43 ni&ntilde;os y ni&ntilde;as de entre 0 y 12 [&hellip;]<\/p>\n","protected":false},"author":2,"featured_media":10974,"comment_status":"open","ping_status":"open","sticky":false,"template":"","format":"standard","meta":{"footnotes":""},"categories":[4,49],"tags":[4324,1639,33,446,205,4325],"class_list":["post-10973","post","type-post","status-publish","format-standard","has-post-thumbnail","hentry","category-provinciales","category-sociedad","tag-adolescentes","tag-convocatoria","tag-entre-rios","tag-familia","tag-ninos","tag-ruaer"],"_links":{"self":[{"href":"https:\/\/impactodenoticias.com.ar\/index.php?rest_route=\/wp\/v2\/posts\/10973","targetHints":{"allow":["GET"]}}],"collection":[{"href":"https:\/\/impactodenoticias.com.ar\/index.php?rest_route=\/wp\/v2\/posts"}],"about":[{"href":"https:\/\/impactodenoticias.com.ar\/index.php?rest_route=\/wp\/v2\/types\/post"}],"author":[{"embeddable":true,"href":"https:\/\/impactodenoticias.com.ar\/index.php?rest_route=\/wp\/v2\/users\/2"}],"replies":[{"embeddable":true,"href":"https:\/\/impactodenoticias.com.ar\/index.php?rest_route=%2Fwp%2Fv2%2Fcomments&post=10973"}],"version-history":[{"count":1,"href":"https:\/\/impactodenoticias.com.ar\/index.php?rest_route=\/wp\/v2\/posts\/10973\/revisions"}],"predecessor-version":[{"id":10975,"href":"https:\/\/impactodenoticias.com.ar\/index.php?rest_route=\/wp\/v2\/posts\/10973\/revisions\/10975"}],"wp:featuredmedia":[{"embeddable":true,"href":"https:\/\/impactodenoticias.com.ar\/index.php?rest_route=\/wp\/v2\/media\/10974"}],"wp:attachment":[{"href":"https:\/\/impactodenoticias.com.ar\/index.php?rest_route=%2Fwp%2Fv2%2Fmedia&parent=10973"}],"wp:term":[{"taxonomy":"category","embeddable":true,"href":"https:\/\/impactodenoticias.com.ar\/index.php?rest_route=%2Fwp%2Fv2%2Fcategories&post=10973"},{"taxonomy":"post_tag","embeddable":true,"href":"https:\/\/impactodenoticias.com.ar\/index.php?rest_route=%2Fwp%2Fv2%2Ftags&post=10973"}],"curies":[{"name":"wp","href":"https:\/\/api.w.org\/{rel}","templated":true}]}}