{"id":10992,"date":"2025-02-07T11:59:58","date_gmt":"2025-02-07T14:59:58","guid":{"rendered":"https:\/\/impactodenoticias.com.ar\/?p=10992"},"modified":"2025-02-08T09:44:09","modified_gmt":"2025-02-08T12:44:09","slug":"buscan-intensamente-a-una-joven-que-se-ausento-de-su-hogar-en-san-justo","status":"publish","type":"post","link":"https:\/\/impactodenoticias.com.ar\/?p=10992","title":{"rendered":"Buscan intensamente a una joven que se ausent\u00f3 de su hogar en San Justo"},"content":{"rendered":"\n<p class=\"has-medium-font-size\"><strong>Solicitan ayuda urgente para localizar a una joven de la que no se sabe nada desde hace tres d\u00edas. Se ausent\u00f3 de su casa en San Justo, departamento Uruguay.<\/strong><\/p>\n\n\n\n<p>Las autoridades piden ayuda a la poblaci\u00f3n para intentar localizar a una joven que desapareci\u00f3 hace tres d\u00edas en la localidad de San Justo, departamento Uruguay, y de quien no se tienen novedades hasta el momento.<\/p>\n\n\n\n<p>Se trata de Diana Gabriela Cepeda, de 28 a\u00f1os, quien se habr\u00eda ausentado de su hogar el martes 4 de febrero. Su madre, de 48, realiz\u00f3 la denuncia en la comisar\u00eda local.<\/p>\n\n\n\n<p>Diana es de tez trigue\u00f1a, altura aproximada 1,45 mts, contextura mediana, cabello largo ondulado color oscuro, ojos color marr\u00f3n. Como se\u00f1as particulares posee tatuajes en su antebrazo izquierdo, en la mu\u00f1eca derecha (pulsera), hombro izquierdo y espalda.<\/p>\n\n\n\n<p>Cualquier informaci\u00f3n que pueda ayudar a la investigaci\u00f3n se podr\u00e1 aportar en la dependencia policial m\u00e1s cercana y\/o a los siguientes tel\u00e9fonos:<\/p>\n\n\n\n<p><strong>Jefatura Departamental Uruguay: 03442-42550<\/strong><\/p>\n\n\n\n<p><strong>Comisaria San Justo: 03442-495012<\/strong><\/p>\n\n\n\n<p><strong>Comando Radioel\u00e9ctrico: 03442-422222 o gratuito \u201c101\u201d.<\/strong><\/p>\n","protected":false},"excerpt":{"rendered":"<p>Solicitan ayuda urgente para localizar a una joven de la que no se sabe nada desde hace tres d&iacute;as. Se ausent&oacute; de su casa en San Justo, departamento Uruguay. Las autoridades piden ayuda a la poblaci&oacute;n para intentar localizar a una joven que desapareci&oacute; hace tres d&iacute;as en la localidad de San Justo, departamento Uruguay, [&hellip;]<\/p>\n","protected":false},"author":2,"featured_media":10993,"comment_status":"open","ping_status":"open","sticky":false,"template":"","format":"standard","meta":{"footnotes":""},"categories":[8,4],"tags":[251,1255,4331,4024,524],"class_list":["post-10992","post","type-post","status-publish","format-standard","has-post-thumbnail","hentry","category-policiales","category-provinciales","tag-busqueda","tag-departamento","tag-diana-gabriela-cepeda","tag-san-justo","tag-uruguay"],"_links":{"self":[{"href":"https:\/\/impactodenoticias.com.ar\/index.php?rest_route=\/wp\/v2\/posts\/10992","targetHints":{"allow":["GET"]}}],"collection":[{"href":"https:\/\/impactodenoticias.com.ar\/index.php?rest_route=\/wp\/v2\/posts"}],"about":[{"href":"https:\/\/impactodenoticias.com.ar\/index.php?rest_route=\/wp\/v2\/types\/post"}],"author":[{"embeddable":true,"href":"https:\/\/impactodenoticias.com.ar\/index.php?rest_route=\/wp\/v2\/users\/2"}],"replies":[{"embeddable":true,"href":"https:\/\/impactodenoticias.com.ar\/index.php?rest_route=%2Fwp%2Fv2%2Fcomments&post=10992"}],"version-history":[{"count":1,"href":"https:\/\/impactodenoticias.com.ar\/index.php?rest_route=\/wp\/v2\/posts\/10992\/revisions"}],"predecessor-version":[{"id":10994,"href":"https:\/\/impactodenoticias.com.ar\/index.php?rest_route=\/wp\/v2\/posts\/10992\/revisions\/10994"}],"wp:featuredmedia":[{"embeddable":true,"href":"https:\/\/impactodenoticias.com.ar\/index.php?rest_route=\/wp\/v2\/media\/10993"}],"wp:attachment":[{"href":"https:\/\/impactodenoticias.com.ar\/index.php?rest_route=%2Fwp%2Fv2%2Fmedia&parent=10992"}],"wp:term":[{"taxonomy":"category","embeddable":true,"href":"https:\/\/impactodenoticias.com.ar\/index.php?rest_route=%2Fwp%2Fv2%2Fcategories&post=10992"},{"taxonomy":"post_tag","embeddable":true,"href":"https:\/\/impactodenoticias.com.ar\/index.php?rest_route=%2Fwp%2Fv2%2Ftags&post=10992"}],"curies":[{"name":"wp","href":"https:\/\/api.w.org\/{rel}","templated":true}]}}