{"id":10995,"date":"2025-02-07T12:17:17","date_gmt":"2025-02-07T15:17:17","guid":{"rendered":"https:\/\/impactodenoticias.com.ar\/?p=10995"},"modified":"2025-02-07T12:34:59","modified_gmt":"2025-02-07T15:34:59","slug":"ola-de-robos-en-una-zona-de-gualeguaychu-vecinos-se-manifestaron-ante-una-comisaria-exigiendo-mayor-seguridad","status":"publish","type":"post","link":"https:\/\/impactodenoticias.com.ar\/?p=10995","title":{"rendered":"Ola de robos en una zona de Gualeguaych\u00fa: vecinos se manifestaron ante una comisar\u00eda exigiendo mayor seguridad"},"content":{"rendered":"\n<h2 class=\"wp-block-heading\">En la zona oeste se ocurren robos durante el d\u00eda y los vecinos pidieron m\u00e1s recorridas y controles de la Polic\u00eda, que ya reforz\u00f3 la vigilancia nocturna.<\/h2>\n\n\n\n<p>Vecinos de Gualeguaych\u00fa de los barrios Urquiza al Oeste y los barrios 62 viviendas, Casvac, 338 y 140 se auto convocaron en la noche de este jueves para reclamar mayor seguridad policial, y solicitaron a la Polic\u00eda mayor presencia durante las horas diurnas.<\/p>\n\n\n\n<p>La movilizaci\u00f3n, que fue viralizada en redes sociales, concluy\u00f3 con una marcha hacia la comisar\u00eda Sexta, donde fueron recibidos por el subjefe de Polic\u00eda de Gualeguaych\u00fa, Ramiro Urroz Denaday, quien les manifest\u00f3 a los vecinos que \u201cla Polic\u00eda anda, recorre y detiene, hasta ah\u00ed llegamos nosotros\u201d.<\/p>\n\n\n\n<p><\/p>\n\n\n\n<figure class=\"wp-block-image size-full\"><img loading=\"lazy\" decoding=\"async\" width=\"696\" height=\"524\" src=\"https:\/\/impactodenoticias.com.ar\/wp-content\/uploads\/2025\/02\/vecinos-gualeguaychu-seguridad-2.webp\" alt=\"\" class=\"wp-image-10997\" srcset=\"https:\/\/impactodenoticias.com.ar\/wp-content\/uploads\/2025\/02\/vecinos-gualeguaychu-seguridad-2.webp 696w, https:\/\/impactodenoticias.com.ar\/wp-content\/uploads\/2025\/02\/vecinos-gualeguaychu-seguridad-2-300x226.webp 300w\" sizes=\"auto, (max-width: 696px) 100vw, 696px\" \/><\/figure>\n\n\n\n<p><\/p>\n\n\n\n<p>Sobre las demandas, se\u00f1al\u00f3 que \u201ces un reclamo justo, nosotros damos la cara, somos la cara visible en la mayor\u00eda de las situaciones\u201d.<\/p>\n\n\n\n<p>Ante el pedido de mayor presencia policial en las horas diurnas, Urroz Denaday destac\u00f3 que durante el d\u00eda las actividades administrativas reducen much\u00edsimo el personal y la disponibilidad de m\u00f3viles.<\/p>\n\n\n\n<p>Tambi\u00e9n conversaron sobre notificaciones y control de prisiones domiciliarias y sobre la venta de drogas que denuncian sigue existiendo en el barrio a toda hora.<\/p>\n","protected":false},"excerpt":{"rendered":"<p>En la zona oeste se ocurren robos durante el d&iacute;a y los vecinos pidieron m&aacute;s recorridas y controles de la Polic&iacute;a, que ya reforz&oacute; la vigilancia nocturna. Vecinos de Gualeguaych&uacute; de los barrios Urquiza al Oeste y los barrios 62 viviendas, Casvac, 338 y 140 se auto convocaron en la noche de este jueves para [&hellip;]<\/p>\n","protected":false},"author":2,"featured_media":10996,"comment_status":"open","ping_status":"open","sticky":false,"template":"","format":"standard","meta":{"footnotes":""},"categories":[8,4],"tags":[4337,4335,586,4336,1662,280,1295,4090,4339,4334,496,3135],"class_list":["post-10995","post","type-post","status-publish","format-standard","has-post-thumbnail","hentry","category-policiales","category-provinciales","tag-4337","tag-62-viviendas","tag-barrios","tag-casvac","tag-comisaria","tag-gualeguaychu","tag-movilizacion-2","tag-oeste","tag-ramiro-urroz-denaday","tag-urquiza","tag-vecinos","tag-zona"],"_links":{"self":[{"href":"https:\/\/impactodenoticias.com.ar\/index.php?rest_route=\/wp\/v2\/posts\/10995","targetHints":{"allow":["GET"]}}],"collection":[{"href":"https:\/\/impactodenoticias.com.ar\/index.php?rest_route=\/wp\/v2\/posts"}],"about":[{"href":"https:\/\/impactodenoticias.com.ar\/index.php?rest_route=\/wp\/v2\/types\/post"}],"author":[{"embeddable":true,"href":"https:\/\/impactodenoticias.com.ar\/index.php?rest_route=\/wp\/v2\/users\/2"}],"replies":[{"embeddable":true,"href":"https:\/\/impactodenoticias.com.ar\/index.php?rest_route=%2Fwp%2Fv2%2Fcomments&post=10995"}],"version-history":[{"count":2,"href":"https:\/\/impactodenoticias.com.ar\/index.php?rest_route=\/wp\/v2\/posts\/10995\/revisions"}],"predecessor-version":[{"id":11007,"href":"https:\/\/impactodenoticias.com.ar\/index.php?rest_route=\/wp\/v2\/posts\/10995\/revisions\/11007"}],"wp:featuredmedia":[{"embeddable":true,"href":"https:\/\/impactodenoticias.com.ar\/index.php?rest_route=\/wp\/v2\/media\/10996"}],"wp:attachment":[{"href":"https:\/\/impactodenoticias.com.ar\/index.php?rest_route=%2Fwp%2Fv2%2Fmedia&parent=10995"}],"wp:term":[{"taxonomy":"category","embeddable":true,"href":"https:\/\/impactodenoticias.com.ar\/index.php?rest_route=%2Fwp%2Fv2%2Fcategories&post=10995"},{"taxonomy":"post_tag","embeddable":true,"href":"https:\/\/impactodenoticias.com.ar\/index.php?rest_route=%2Fwp%2Fv2%2Ftags&post=10995"}],"curies":[{"name":"wp","href":"https:\/\/api.w.org\/{rel}","templated":true}]}}