{"id":11016,"date":"2025-02-07T14:22:03","date_gmt":"2025-02-07T17:22:03","guid":{"rendered":"https:\/\/impactodenoticias.com.ar\/?p=11016"},"modified":"2025-02-08T09:43:59","modified_gmt":"2025-02-08T12:43:59","slug":"fiesta-del-mate-donde-estacionar-y-como-ingresar-al-predio","status":"publish","type":"post","link":"https:\/\/impactodenoticias.com.ar\/?p=11016","title":{"rendered":"Fiesta del Mate: d\u00f3nde estacionar y c\u00f3mo ingresar al predio"},"content":{"rendered":"\n<h2 class=\"wp-block-heading\">Llega la Fiesta del Mate a Paran\u00e1 y se aguarda la llegada de miles de turistas y vecinos de Paran\u00e1 y ciudades de la provincia, a la zona de la costanera y el Parque Urquiza. Desde la Municipalidad brindaron detalles sobre cortes de calles y los accesos para quienes se dirijan a pie o en veh\u00edculo.<\/h2>\n\n\n\n<p>La organizaci\u00f3n dispuso una serie de cortes de calle que delimitar\u00e1n hasta d\u00f3nde se puede llegar con los veh\u00edculos. De este modo, fuera de ese l\u00edmite, se podr\u00e1 estacionar en zonas cercanas al predio.<\/p>\n\n\n\n<p><strong>Los cortes de calle estar\u00e1n dispuestos en:<\/strong><\/p>\n\n\n\n<ul class=\"wp-block-list\">\n<li>Avenida Laurencena y calle G\u00fcemes<\/li>\n\n\n\n<li>Manuel Alberti y De la Torre y Vera<\/li>\n\n\n\n<li>Boulevar Moreno y calle G\u00fcemes<\/li>\n\n\n\n<li>Calle San Mart\u00edn (antes de Etchevehere)<\/li>\n\n\n\n<li>Calle Acuerdo San Nicol\u00e1s y Etchevehere<\/li>\n\n\n\n<li>Avenida Laurencena y calle Nicaragua<\/li>\n<\/ul>\n\n\n\n<p><\/p>\n\n\n\n<div data-wp-interactive=\"core\/file\" class=\"wp-block-file\"><object data-wp-bind--hidden=\"!state.hasPdfPreview\" hidden class=\"wp-block-file__embed\" data=\"https:\/\/impactodenoticias.com.ar\/wp-content\/uploads\/2025\/02\/Mapa-FdM-2025_Mariana.pdf\" type=\"application\/pdf\" style=\"width:100%;height:600px\" aria-label=\"Incrustado de Mapa-FdM-2025_Mariana.\"><\/object><a id=\"wp-block-file--media-ce281dce-5fb8-4bce-a0f6-979ed7b3d015\" href=\"https:\/\/impactodenoticias.com.ar\/wp-content\/uploads\/2025\/02\/Mapa-FdM-2025_Mariana.pdf\">Mapa-FdM-2025_Mariana<\/a><a href=\"https:\/\/impactodenoticias.com.ar\/wp-content\/uploads\/2025\/02\/Mapa-FdM-2025_Mariana.pdf\" class=\"wp-block-file__button wp-element-button\" download aria-describedby=\"wp-block-file--media-ce281dce-5fb8-4bce-a0f6-979ed7b3d015\">Descarga<\/a><\/div>\n\n\n\n<p><\/p>\n\n\n\n<p class=\"has-medium-font-size\"><strong>Como retirar las pulseras para acceder al predio<\/strong><\/p>\n\n\n\n<p>Desde la Municipalidad se comunic\u00f3 que se podr\u00e1n retirar las pulseras en La Vieja Usina, ubicada en calle Gregoria Matorras de San Mart\u00edn 861. El horario ser\u00e1 de 16 a 22 para el jueves 6 de febrero y de 10 a 22 los d\u00edas viernes 7 y s\u00e1bado 8.<\/p>\n\n\n\n<p>Para el tr\u00e1mite se solicita el PDF con el C\u00f3digo QR que se recibi\u00f3 v\u00eda mail una vez que se compraron los lugares a trav\u00e9s de la plataforma <a href=\"http:\/\/www.ticketek.com\">www.ticketek.com<\/a>. Dstacaron que no es necesario que concurra la misma persona que adquiri\u00f3 las entradas.<\/p>\n\n\n\n<p class=\"has-medium-font-size\"><strong>Qu\u00e9 ocurre si no puedo retirar las pulseras<\/strong><\/p>\n\n\n\n<p>En caso de no poder retirarlas de manera previa, desde el municipio informaron que se entregar\u00e1n en la zona de acceso. No obstante, solicitan que sean retiradas con anterioridad para una mayor comodidad los d\u00edas del evento.<\/p>\n\n\n\n<p class=\"has-medium-font-size\"><strong>Escenarios y propuestas<\/strong><\/p>\n\n\n\n<p>El escenario mayor Luis \u201cPacha\u201d Rodr\u00edguez rinde homenaje a uno de los fundadores del Centro Comunitario Solidaridad, agrupaci\u00f3n de vecinos que es parte de esta nueva edici\u00f3n y que dio origen al evento.<\/p>\n\n\n\n<p class=\"has-medium-font-size\"><strong>Concurso de cebadores<\/strong><\/p>\n\n\n\n<p>Esta edici\u00f3n sumar\u00e1 la novedad de un Premate de Cebadores, que se realizar\u00e1 en Bajada Grande, el Parque Lineal Sur y el Anfiteatro Linares Cardozo de San Agust\u00edn. Las tres jornadas se dar\u00e1n en el marco del calendario de fiestas populares del verano que impulsa el Municipio.<\/p>\n\n\n\n<p class=\"has-medium-font-size\"><strong>Premate de Danza y M\u00fasica<\/strong><\/p>\n\n\n\n<p>Durante enero hubo etapas de preselecci\u00f3n para artistas de la provincia. Estas instancias se realizaron el domingo 5 en Villaguay; el mi\u00e9rcoles 8 y jueves 9 en el Teatro Municipal 3 de Febrero de Paran\u00e1; y el jueves 16 en Concepci\u00f3n del Uruguay. La jornada final ser\u00e1 en el marco del Mateando, la feria de cultura matera que se realiza del 6 al 9 de febrero en la Sala Mayo. Los seleccionados actuar\u00e1n en el escenario mayor durante la fiesta.<\/p>\n\n\n\n<p class=\"has-medium-font-size\"><strong>Mateando<\/strong><\/p>\n\n\n\n<p>Emprendedores ofrecer\u00e1n sus producciones del 6 al 9 de febrero en la Sala Mayo, de 18 a 24. Los vecinos podr\u00e1n adquirir productos yerbateros, mates, materas, accesorios, dise\u00f1os innovadores y preparaciones gastron\u00f3micas. Adem\u00e1s, habr\u00e1 charlas y talleres sobre cultura matera.<\/p>\n\n\n\n<p class=\"has-medium-font-size\"><strong>Otras propuestas<\/strong><\/p>\n\n\n\n<p>La Fiesta Nacional del Mate tendr\u00e1 atractivos para toda la familia. Las infancias podr\u00e1n disfrutar de una nueva edici\u00f3n del Matecito, con m\u00fasicos y artistas en vivo. Y el escenario Pariente del Mar tendr\u00e1 propuestas de distintos estilos dirigidas a las juventudes, con base en la cultura urbana y las nuevas tendencias.<\/p>\n\n\n\n<p class=\"has-medium-font-size\"><strong>Participaci\u00f3n de los clubes<\/strong><\/p>\n\n\n\n<p>Otro dato destacado es que, durante la fiesta, distintos clubes de Paran\u00e1 ofrecer\u00e1n alimentos y bebidas para la venta, a precios accesibles. Lo recaudado ser\u00e1 destinado al desarrollo de la actividad social, deportiva y cultural de cada instituci\u00f3n en los barrios de la ciudad.<\/p>\n\n\n\n<p>Estuvieron presentes las diputadas provinciales Stefan\u00eda Cora y Andrea Zoff; el secretario de Cultura de Entre R\u00edos, Juli\u00e1n Stoppello; el subsecretario de Cultura de Paran\u00e1, Joaqu\u00edn Arij\u00f3n; autoridades provinciales, secretarios y subsecretarios municipales y concejales.<\/p>\n\n\n\n<p>M\u00e1s informaci\u00f3n en<a href=\"http:\/\/www.fiestadelmate.parana.gob.ar\"> www.fiestadelmate.parana.gob.ar<\/a><\/p>\n","protected":false},"excerpt":{"rendered":"<p>Llega la Fiesta del Mate a Paran&aacute; y se aguarda la llegada de miles de turistas y vecinos de Paran&aacute; y ciudades de la provincia, a la zona de la costanera y el Parque Urquiza. Desde la Municipalidad brindaron detalles sobre cortes de calles y los accesos para quienes se dirijan a pie o en [&hellip;]<\/p>\n","protected":false},"author":2,"featured_media":11018,"comment_status":"open","ping_status":"open","sticky":false,"template":"","format":"standard","meta":{"footnotes":""},"categories":[5,3,49],"tags":[616,717,3356,2566,1236,4341,95,4342],"class_list":["post-11016","post","type-post","status-publish","format-standard","has-post-thumbnail","hentry","category-espectaculos","category-locales","category-sociedad","tag-616","tag-calles","tag-cortes","tag-estacionamiento","tag-fiesta-del-mate","tag-mapa","tag-parana","tag-pulseras"],"_links":{"self":[{"href":"https:\/\/impactodenoticias.com.ar\/index.php?rest_route=\/wp\/v2\/posts\/11016","targetHints":{"allow":["GET"]}}],"collection":[{"href":"https:\/\/impactodenoticias.com.ar\/index.php?rest_route=\/wp\/v2\/posts"}],"about":[{"href":"https:\/\/impactodenoticias.com.ar\/index.php?rest_route=\/wp\/v2\/types\/post"}],"author":[{"embeddable":true,"href":"https:\/\/impactodenoticias.com.ar\/index.php?rest_route=\/wp\/v2\/users\/2"}],"replies":[{"embeddable":true,"href":"https:\/\/impactodenoticias.com.ar\/index.php?rest_route=%2Fwp%2Fv2%2Fcomments&post=11016"}],"version-history":[{"count":1,"href":"https:\/\/impactodenoticias.com.ar\/index.php?rest_route=\/wp\/v2\/posts\/11016\/revisions"}],"predecessor-version":[{"id":11019,"href":"https:\/\/impactodenoticias.com.ar\/index.php?rest_route=\/wp\/v2\/posts\/11016\/revisions\/11019"}],"wp:featuredmedia":[{"embeddable":true,"href":"https:\/\/impactodenoticias.com.ar\/index.php?rest_route=\/wp\/v2\/media\/11018"}],"wp:attachment":[{"href":"https:\/\/impactodenoticias.com.ar\/index.php?rest_route=%2Fwp%2Fv2%2Fmedia&parent=11016"}],"wp:term":[{"taxonomy":"category","embeddable":true,"href":"https:\/\/impactodenoticias.com.ar\/index.php?rest_route=%2Fwp%2Fv2%2Fcategories&post=11016"},{"taxonomy":"post_tag","embeddable":true,"href":"https:\/\/impactodenoticias.com.ar\/index.php?rest_route=%2Fwp%2Fv2%2Ftags&post=11016"}],"curies":[{"name":"wp","href":"https:\/\/api.w.org\/{rel}","templated":true}]}}