{"id":11024,"date":"2025-02-07T14:36:16","date_gmt":"2025-02-07T17:36:16","guid":{"rendered":"https:\/\/impactodenoticias.com.ar\/?p=11024"},"modified":"2025-02-08T09:43:54","modified_gmt":"2025-02-08T12:43:54","slug":"buscan-a-una-joven-de-parana-quien-se-ausento-desde-hace-tres-semanas","status":"publish","type":"post","link":"https:\/\/impactodenoticias.com.ar\/?p=11024","title":{"rendered":"Buscan a una joven de Paran\u00e1 quien se ausent\u00f3 desde hace tres semanas"},"content":{"rendered":"\n<h2 class=\"wp-block-heading\">Jackeline Carolina Milessi, de 26 a\u00f1os, se encontraba en situaci\u00f3n de calle al desaparecer. Las autoridades solicitan la colaboraci\u00f3n de la ciudadan\u00eda para dar con su paradero.<\/h2>\n\n\n\n<p>La Unidad Fiscal de Ni\u00f1os, Ni\u00f1as y Adolescentes de Paran\u00e1 pide la colaboraci\u00f3n para localizar a Jackeline Carolina Milessi, de 26 a\u00f1os, actualmente en situaci\u00f3n de calle, con quien se tuvo contacto por \u00faltima vez el 26 de enero pasado.<\/p>\n\n\n\n<p><\/p>\n\n\n\n<figure class=\"wp-block-image size-full\"><img loading=\"lazy\" decoding=\"async\" width=\"331\" height=\"378\" src=\"https:\/\/impactodenoticias.com.ar\/wp-content\/uploads\/2025\/02\/image-5-4-e1738943795551.webp\" alt=\"\" class=\"wp-image-11025\" srcset=\"https:\/\/impactodenoticias.com.ar\/wp-content\/uploads\/2025\/02\/image-5-4-e1738943795551.webp 331w, https:\/\/impactodenoticias.com.ar\/wp-content\/uploads\/2025\/02\/image-5-4-e1738943795551-263x300.webp 263w\" sizes=\"auto, (max-width: 331px) 100vw, 331px\" \/><\/figure>\n\n\n\n<p><\/p>\n\n\n\n<p>Milessi mide 1,60 metros, es delgada y de cutis moreno, ojos marrones y lleva cabello oscuro lacio a la altura de los hombros.<\/p>\n\n\n\n<p>Cualquier informaci\u00f3n que colabore en su localizaci\u00f3n puede suministrarse al 911 o a la Divisi\u00f3n Trata de Personas: 343 6222278.<\/p>\n","protected":false},"excerpt":{"rendered":"<p>Jackeline Carolina Milessi, de 26 a&ntilde;os, se encontraba en situaci&oacute;n de calle al desaparecer. Las autoridades solicitan la colaboraci&oacute;n de la ciudadan&iacute;a para dar con su paradero. La Unidad Fiscal de Ni&ntilde;os, Ni&ntilde;as y Adolescentes de Paran&aacute; pide la colaboraci&oacute;n para localizar a Jackeline Carolina Milessi, de 26 a&ntilde;os, actualmente en situaci&oacute;n de calle, con [&hellip;]<\/p>\n","protected":false},"author":2,"featured_media":11026,"comment_status":"open","ping_status":"open","sticky":false,"template":"","format":"standard","meta":{"footnotes":""},"categories":[3,8],"tags":[251,4345,95],"class_list":["post-11024","post","type-post","status-publish","format-standard","has-post-thumbnail","hentry","category-locales","category-policiales","tag-busqueda","tag-jackeline-carolina-milessi","tag-parana"],"_links":{"self":[{"href":"https:\/\/impactodenoticias.com.ar\/index.php?rest_route=\/wp\/v2\/posts\/11024","targetHints":{"allow":["GET"]}}],"collection":[{"href":"https:\/\/impactodenoticias.com.ar\/index.php?rest_route=\/wp\/v2\/posts"}],"about":[{"href":"https:\/\/impactodenoticias.com.ar\/index.php?rest_route=\/wp\/v2\/types\/post"}],"author":[{"embeddable":true,"href":"https:\/\/impactodenoticias.com.ar\/index.php?rest_route=\/wp\/v2\/users\/2"}],"replies":[{"embeddable":true,"href":"https:\/\/impactodenoticias.com.ar\/index.php?rest_route=%2Fwp%2Fv2%2Fcomments&post=11024"}],"version-history":[{"count":1,"href":"https:\/\/impactodenoticias.com.ar\/index.php?rest_route=\/wp\/v2\/posts\/11024\/revisions"}],"predecessor-version":[{"id":11027,"href":"https:\/\/impactodenoticias.com.ar\/index.php?rest_route=\/wp\/v2\/posts\/11024\/revisions\/11027"}],"wp:featuredmedia":[{"embeddable":true,"href":"https:\/\/impactodenoticias.com.ar\/index.php?rest_route=\/wp\/v2\/media\/11026"}],"wp:attachment":[{"href":"https:\/\/impactodenoticias.com.ar\/index.php?rest_route=%2Fwp%2Fv2%2Fmedia&parent=11024"}],"wp:term":[{"taxonomy":"category","embeddable":true,"href":"https:\/\/impactodenoticias.com.ar\/index.php?rest_route=%2Fwp%2Fv2%2Fcategories&post=11024"},{"taxonomy":"post_tag","embeddable":true,"href":"https:\/\/impactodenoticias.com.ar\/index.php?rest_route=%2Fwp%2Fv2%2Ftags&post=11024"}],"curies":[{"name":"wp","href":"https:\/\/api.w.org\/{rel}","templated":true}]}}