{"id":11028,"date":"2025-02-07T14:41:39","date_gmt":"2025-02-07T17:41:39","guid":{"rendered":"https:\/\/impactodenoticias.com.ar\/?p=11028"},"modified":"2025-02-08T09:43:49","modified_gmt":"2025-02-08T12:43:49","slug":"el-gobierno-recibio-a-los-gremios-docentes-en-el-primer-encuentro-paritario-del-ano","status":"publish","type":"post","link":"https:\/\/impactodenoticias.com.ar\/?p=11028","title":{"rendered":"El Gobierno recibi\u00f3 a los gremios docentes en el primer encuentro paritario del a\u00f1o"},"content":{"rendered":"\n<p class=\"has-medium-font-size\"><strong>Representantes de Agmer, AMET, UDA y Sadop mantuvieron una reuni\u00f3n con la titular del CGE y el secretario de Hacienda de Entre R\u00edos.<\/strong><\/p>\n\n\n\n<p>En la Secretar\u00eda de Trabajo, las autoridades del Consejo General de Educaci\u00f3n (CGE) y Hacienda desarrollaron junto a los gremios docentes el primer encuentro del a\u00f1o de las paritarias. Hubo planteos de los entidades y se pas\u00f3 a un cuarto intermedio para el 13 de febrero.<\/p>\n\n\n\n<p>\u201cEstamos dando inicio a la paritaria 2025 tal cual nos comprometimos en el \u00faltimo encuentro del a\u00f1o pasado donde fijamos encontrarnos no m\u00e1s all\u00e1 del 7 de febrero\u201c, indic\u00f3 la presidente del Consejo General de Educaci\u00f3n, Alicia Fregonese, tras el encuentro que se llev\u00f3 a cabo en la Secretar\u00eda de Trabajo junto a los gremios docentes de la Asociaci\u00f3n del Magisterio de Entre R\u00edos (Agmer), la Asociaci\u00f3n del Magisterio de Ense\u00f1anza T\u00e9cnica (AMET), el Sindicato Argentino de Docentes Privados (Sadop) y la Uni\u00f3n Docentes Argentinos (UDA).<\/p>\n\n\n\n<p>La titular del CGE estuvo acompa\u00f1ada en la mesa paritaria por el secretario de Presupuesto y Finanzas, Uriel Brupbacher. Adem\u00f1as de los vocales Elsa Chapuis y Santiago Laumann, el secretario General del CGE, Conrado Lamboglia, y el prosecretario, Bruno Frizzo.<\/p>\n\n\n\n<p>\u201cEstamos ac\u00e1 para atender la demanda de los docentes, y seguimos teniendo como prioridades que los chicos est\u00e1n en las aulas y mantener las paritarias libres. Y la \u00fanica manera de garantizar todo eso es con el di\u00e1logo\u201d, acot\u00f3 Fregonese.<\/p>\n\n\n\n<p>\u201cFue un primer encuentro donde los docentes comunicaron una serie de pedidos que vamos a evaluar. Pasamos a cuarto intermedio hasta la semana que viene d\u00f3nde nos vamos a volver a encontrar\u201d, se\u00f1al\u00f3 Brupbacher. El segundo encuentro del a\u00f1o qued\u00f3 pautado para el 13 de febrero.<\/p>\n\n\n\n<p>En representaci\u00f3n de los gremios estuvieron presentes el secretario general de AGMER, Marcelo Pagani; por AMET, Carlos Varela; por UDA, Mirta Raya, y por SADOP, Alejandra Frank.<\/p>\n","protected":false},"excerpt":{"rendered":"<p>Representantes de Agmer, AMET, UDA y Sadop mantuvieron una reuni&oacute;n con la titular del CGE y el secretario de Hacienda de Entre R&iacute;os. En la Secretar&iacute;a de Trabajo, las autoridades del Consejo General de Educaci&oacute;n (CGE) y Hacienda desarrollaron junto a los gremios docentes el primer encuentro del a&ntilde;o de las paritarias. Hubo planteos de [&hellip;]<\/p>\n","protected":false},"author":2,"featured_media":11029,"comment_status":"open","ping_status":"open","sticky":false,"template":"","format":"standard","meta":{"footnotes":""},"categories":[91,11,4],"tags":[52,1435,801,1410,60,33,95,713,310,776,347],"class_list":["post-11028","post","type-post","status-publish","format-standard","has-post-thumbnail","hentry","category-gremiales","category-politica","category-provinciales","tag-agmer","tag-alicia-fregonese","tag-amet","tag-cge","tag-docente","tag-entre-rios","tag-parana","tag-paritaria","tag-reunion","tag-sadop","tag-uriel-brupbacher"],"_links":{"self":[{"href":"https:\/\/impactodenoticias.com.ar\/index.php?rest_route=\/wp\/v2\/posts\/11028","targetHints":{"allow":["GET"]}}],"collection":[{"href":"https:\/\/impactodenoticias.com.ar\/index.php?rest_route=\/wp\/v2\/posts"}],"about":[{"href":"https:\/\/impactodenoticias.com.ar\/index.php?rest_route=\/wp\/v2\/types\/post"}],"author":[{"embeddable":true,"href":"https:\/\/impactodenoticias.com.ar\/index.php?rest_route=\/wp\/v2\/users\/2"}],"replies":[{"embeddable":true,"href":"https:\/\/impactodenoticias.com.ar\/index.php?rest_route=%2Fwp%2Fv2%2Fcomments&post=11028"}],"version-history":[{"count":1,"href":"https:\/\/impactodenoticias.com.ar\/index.php?rest_route=\/wp\/v2\/posts\/11028\/revisions"}],"predecessor-version":[{"id":11030,"href":"https:\/\/impactodenoticias.com.ar\/index.php?rest_route=\/wp\/v2\/posts\/11028\/revisions\/11030"}],"wp:featuredmedia":[{"embeddable":true,"href":"https:\/\/impactodenoticias.com.ar\/index.php?rest_route=\/wp\/v2\/media\/11029"}],"wp:attachment":[{"href":"https:\/\/impactodenoticias.com.ar\/index.php?rest_route=%2Fwp%2Fv2%2Fmedia&parent=11028"}],"wp:term":[{"taxonomy":"category","embeddable":true,"href":"https:\/\/impactodenoticias.com.ar\/index.php?rest_route=%2Fwp%2Fv2%2Fcategories&post=11028"},{"taxonomy":"post_tag","embeddable":true,"href":"https:\/\/impactodenoticias.com.ar\/index.php?rest_route=%2Fwp%2Fv2%2Ftags&post=11028"}],"curies":[{"name":"wp","href":"https:\/\/api.w.org\/{rel}","templated":true}]}}