{"id":11046,"date":"2025-02-07T23:16:17","date_gmt":"2025-02-08T02:16:17","guid":{"rendered":"https:\/\/impactodenoticias.com.ar\/?p=11046"},"modified":"2025-02-08T09:43:30","modified_gmt":"2025-02-08T12:43:30","slug":"clima-en-entre-rios-la-provincia-se-encuentra-bajo-alerta-por-calor-extremo","status":"publish","type":"post","link":"https:\/\/impactodenoticias.com.ar\/?p=11046","title":{"rendered":"Clima en Entre R\u00edos: la provincia se encuentra bajo alerta por calor extremo"},"content":{"rendered":"\n<h2 class=\"wp-block-heading\">El Servicio Meteorol\u00f3gico Nacional (SMN), pronostica que el fin de semana que comienza registrar\u00e1 temperaturas sofocantes.<\/h2>\n\n\n\n<p>El organismo estatal inform\u00f3 que rige alerta amarilla por altas temperaturas, con lo cual instan a ser cautelosos y tomar medidas de prevenci\u00f3n.<\/p>\n\n\n\n<p>El informe del SMN, se\u00f1ala que los 17 departamentos est\u00e1n bajo las condiciones de calor extremo, situaci\u00f3n que se da en otras provincias del pa\u00eds.<\/p>\n\n\n\n<p>Y destacan adem\u00e1s que: \u201clas temperaturas pueden ser peligrosas, sobre todo para los grupos de riesgo, como ni\u00f1os y ni\u00f1as, personas mayores de 65 a\u00f1os, con enfermedades cr\u00f3nicas\u201d.<\/p>\n\n\n\n<p>En Paran\u00e1, se aguardan 40 grados, mientras que en Concordia (39 grados), en Gualeguaych\u00fa (37).<\/p>\n\n\n\n<p class=\"has-medium-font-size\"><strong>Para protegerse del calor extremo, se recomienda:<\/strong><\/p>\n\n\n\n<ul class=\"wp-block-list\">\n<li>Hidratarse constantemente, especialmente con agua<\/li>\n\n\n\n<li>Evitar la exposici\u00f3n al sol entre las 10 y las 16 horas<\/li>\n\n\n\n<li>Usar protector solar con factor de protecci\u00f3n 15 o m\u00e1s<\/li>\n\n\n\n<li>Usar ropa ligera, holgada y de colores claros<\/li>\n\n\n\n<li>Usar un sombrero de ala ancha y anteojos de sol<\/li>\n\n\n\n<li>Evitar actividades f\u00edsicas intensas<\/li>\n\n\n\n<li>Buscar sombra<\/li>\n\n\n\n<li>Refugiarse en lugares frescos y ventilados<\/li>\n\n\n\n<li>Aplicar pa\u00f1os h\u00famedos en el cuerpo<\/li>\n\n\n\n<li>Tomar ba\u00f1os de agua fr\u00eda<\/li>\n<\/ul>\n\n\n\n<p class=\"has-medium-font-size\"><strong>En caso de calambres por calor, se recomienda:<\/strong><\/p>\n\n\n\n<ul class=\"wp-block-list\">\n<li>Suspender la actividad f\u00edsica<\/li>\n\n\n\n<li>Sentarse en un lugar fresco<\/li>\n\n\n\n<li>Beber un jugo transparente o una bebida deportiva<\/li>\n\n\n\n<li>No reanudar la actividad f\u00edsica intensa hasta que los calambres se alivien<\/li>\n\n\n\n<li>Si aparecen s\u00edntomas como v\u00f3mitos, dirigirse a una guardia m\u00e9dica.<\/li>\n<\/ul>\n","protected":false},"excerpt":{"rendered":"<p>El Servicio Meteorol&oacute;gico Nacional (SMN), pronostica que el fin de semana que comienza registrar&aacute; temperaturas sofocantes. El organismo estatal inform&oacute; que rige alerta amarilla por altas temperaturas, con lo cual instan a ser cautelosos y tomar medidas de prevenci&oacute;n. El informe del SMN, se&ntilde;ala que los 17 departamentos est&aacute;n bajo las condiciones de calor extremo, [&hellip;]<\/p>\n","protected":false},"author":2,"featured_media":11047,"comment_status":"open","ping_status":"open","sticky":false,"template":"","format":"standard","meta":{"footnotes":""},"categories":[4,49],"tags":[38,33],"class_list":["post-11046","post","type-post","status-publish","format-standard","has-post-thumbnail","hentry","category-provinciales","category-sociedad","tag-clima","tag-entre-rios"],"_links":{"self":[{"href":"https:\/\/impactodenoticias.com.ar\/index.php?rest_route=\/wp\/v2\/posts\/11046","targetHints":{"allow":["GET"]}}],"collection":[{"href":"https:\/\/impactodenoticias.com.ar\/index.php?rest_route=\/wp\/v2\/posts"}],"about":[{"href":"https:\/\/impactodenoticias.com.ar\/index.php?rest_route=\/wp\/v2\/types\/post"}],"author":[{"embeddable":true,"href":"https:\/\/impactodenoticias.com.ar\/index.php?rest_route=\/wp\/v2\/users\/2"}],"replies":[{"embeddable":true,"href":"https:\/\/impactodenoticias.com.ar\/index.php?rest_route=%2Fwp%2Fv2%2Fcomments&post=11046"}],"version-history":[{"count":1,"href":"https:\/\/impactodenoticias.com.ar\/index.php?rest_route=\/wp\/v2\/posts\/11046\/revisions"}],"predecessor-version":[{"id":11048,"href":"https:\/\/impactodenoticias.com.ar\/index.php?rest_route=\/wp\/v2\/posts\/11046\/revisions\/11048"}],"wp:featuredmedia":[{"embeddable":true,"href":"https:\/\/impactodenoticias.com.ar\/index.php?rest_route=\/wp\/v2\/media\/11047"}],"wp:attachment":[{"href":"https:\/\/impactodenoticias.com.ar\/index.php?rest_route=%2Fwp%2Fv2%2Fmedia&parent=11046"}],"wp:term":[{"taxonomy":"category","embeddable":true,"href":"https:\/\/impactodenoticias.com.ar\/index.php?rest_route=%2Fwp%2Fv2%2Fcategories&post=11046"},{"taxonomy":"post_tag","embeddable":true,"href":"https:\/\/impactodenoticias.com.ar\/index.php?rest_route=%2Fwp%2Fv2%2Ftags&post=11046"}],"curies":[{"name":"wp","href":"https:\/\/api.w.org\/{rel}","templated":true}]}}