{"id":11062,"date":"2025-02-08T09:33:58","date_gmt":"2025-02-08T12:33:58","guid":{"rendered":"https:\/\/impactodenoticias.com.ar\/?p=11062"},"modified":"2025-02-09T11:56:33","modified_gmt":"2025-02-09T14:56:33","slug":"bajada-grande-retomaron-la-busqueda-de-dylan-en-el-rio","status":"publish","type":"post","link":"https:\/\/impactodenoticias.com.ar\/?p=11062","title":{"rendered":"Bajada Grande: retomaron la b\u00fasqueda de Dylan en el r\u00edo"},"content":{"rendered":"\n<p class=\"has-medium-font-size\"><strong>El ni\u00f1o, de 9 a\u00f1os, ingres\u00f3 al agua durante la jornada del viernes para buscar una pelota y desapareci\u00f3 de la superficie. Reanudaron el operativo de b\u00fasqueda en la zona de Bajada Grande.<\/strong><\/p>\n\n\n\n<p>Retomaron la b\u00fasqueda de Dylan Acosta de 9 a\u00f1os, el ni\u00f1o que desapareci\u00f3 este viernes por la tarde en el r\u00edo Paran\u00e1, en la zona de Bajada Grande.<\/p>\n\n\n\n<p>El operativo se suspendi\u00f3 debido a la llegada de la noche hasta este s\u00e1bado, en la oscuridad los buzos t\u00e1cticos y la Prefectura no pueden trabajar.<\/p>\n\n\n\n<p>Dylan desapareci\u00f3, en horas de la tarde del viernes, de la superficie del r\u00edo Paran\u00e1 en la zona de los muelles de Bajada Grande. Al parecer, el nene ingres\u00f3 al agua a buscar una pelota de f\u00fatbol junto a otros tres ni\u00f1os que afortunadamente fueron rescatados por guardavidas.<\/p>\n\n\n\n<p>El triste episodio sucedi\u00f3 alrededor de las 18:30 cuando los ni\u00f1os estaban jugando al f\u00fatbol en la playa de Los Miradores del Borde Costero. Vale se\u00f1alar que el lugar no est\u00e1 habilitado para ingresar al agua.<\/p>\n\n\n\n<p>Al parecer, la pelota se fue al agua y los cuatro nenes corrieron a buscarla. En un momento, la mujer que estaba al cuidado de los ni\u00f1os escuch\u00f3 que ped\u00edan ayuda.<\/p>\n\n\n\n<p>R\u00e1pidamente los tres guardavidas en el lugar ingresaron al r\u00edo y logran sacar a tres ni\u00f1os, mientras que el que se encuentra desaparecido ya no estaba visible.<\/p>\n\n\n\n<p>Los guardavidas buscaron a nado en la zona, pero sin resultado positivo. Prefectura Naval recorre la zona con motos de agua y rastrilla.<\/p>\n\n\n\n<p>El caso qued\u00f3 en manos del fiscal Mariano Budasoff.<\/p>\n","protected":false},"excerpt":{"rendered":"<p>El ni&ntilde;o, de 9 a&ntilde;os, ingres&oacute; al agua durante la jornada del viernes para buscar una pelota y desapareci&oacute; de la superficie. Reanudaron el operativo de b&uacute;squeda en la zona de Bajada Grande. Retomaron la b&uacute;squeda de Dylan Acosta de 9 a&ntilde;os, el ni&ntilde;o que desapareci&oacute; este viernes por la tarde en el r&iacute;o Paran&aacute;, [&hellip;]<\/p>\n","protected":false},"author":2,"featured_media":11063,"comment_status":"open","ping_status":"open","sticky":false,"template":"","format":"standard","meta":{"footnotes":""},"categories":[3,8],"tags":[656,251,4350,95,2497],"class_list":["post-11062","post","type-post","status-publish","format-standard","has-post-thumbnail","hentry","category-locales","category-policiales","tag-bajada-grande","tag-busqueda","tag-dylan-acosta","tag-parana","tag-rio"],"_links":{"self":[{"href":"https:\/\/impactodenoticias.com.ar\/index.php?rest_route=\/wp\/v2\/posts\/11062","targetHints":{"allow":["GET"]}}],"collection":[{"href":"https:\/\/impactodenoticias.com.ar\/index.php?rest_route=\/wp\/v2\/posts"}],"about":[{"href":"https:\/\/impactodenoticias.com.ar\/index.php?rest_route=\/wp\/v2\/types\/post"}],"author":[{"embeddable":true,"href":"https:\/\/impactodenoticias.com.ar\/index.php?rest_route=\/wp\/v2\/users\/2"}],"replies":[{"embeddable":true,"href":"https:\/\/impactodenoticias.com.ar\/index.php?rest_route=%2Fwp%2Fv2%2Fcomments&post=11062"}],"version-history":[{"count":3,"href":"https:\/\/impactodenoticias.com.ar\/index.php?rest_route=\/wp\/v2\/posts\/11062\/revisions"}],"predecessor-version":[{"id":11067,"href":"https:\/\/impactodenoticias.com.ar\/index.php?rest_route=\/wp\/v2\/posts\/11062\/revisions\/11067"}],"wp:featuredmedia":[{"embeddable":true,"href":"https:\/\/impactodenoticias.com.ar\/index.php?rest_route=\/wp\/v2\/media\/11063"}],"wp:attachment":[{"href":"https:\/\/impactodenoticias.com.ar\/index.php?rest_route=%2Fwp%2Fv2%2Fmedia&parent=11062"}],"wp:term":[{"taxonomy":"category","embeddable":true,"href":"https:\/\/impactodenoticias.com.ar\/index.php?rest_route=%2Fwp%2Fv2%2Fcategories&post=11062"},{"taxonomy":"post_tag","embeddable":true,"href":"https:\/\/impactodenoticias.com.ar\/index.php?rest_route=%2Fwp%2Fv2%2Ftags&post=11062"}],"curies":[{"name":"wp","href":"https:\/\/api.w.org\/{rel}","templated":true}]}}