{"id":11071,"date":"2025-02-08T17:25:05","date_gmt":"2025-02-08T20:25:05","guid":{"rendered":"https:\/\/impactodenoticias.com.ar\/?p=11071"},"modified":"2025-02-09T11:56:25","modified_gmt":"2025-02-09T14:56:25","slug":"el-peor-final-encontraron-el-cuerpo-de-dylan-el-nino-que-habia-desaparecido-en-las-aguas-del-rio-parana","status":"publish","type":"post","link":"https:\/\/impactodenoticias.com.ar\/?p=11071","title":{"rendered":"El peor final: encontraron el cuerpo de Dylan, el ni\u00f1o que hab\u00eda desaparecido en las aguas del R\u00edo Paran\u00e1"},"content":{"rendered":"\n<p class=\"has-medium-font-size\"><strong>Hondo pesar en Paran\u00e1. El ni\u00f1o hab\u00eda ingresado al agua a buscar una pelota de f\u00fatbol. Otros tres menores fueron rescatados por guardavidas.<\/strong><\/p>\n\n\n\n<p>Se confirm\u00f3 que fue hallado el cuerpo de Dylan Acosta de 9 a\u00f1os, el ni\u00f1o que hab\u00eda desaparecido este viernes por la tarde en el r\u00edo Paran\u00e1, en la zona de Bajada Grande.<\/p>\n\n\n\n<p>El operativo hab\u00eda sido suspendido hasta este s\u00e1bado por la ma\u00f1ana, debido a que en la oscuridad los buzos t\u00e1cticos y la Prefectura no pueden realizar la b\u00fasqueda.<\/p>\n\n\n\n<p>Finalmente, en las primeras horas de trabajo, lograron dar con el cuerpo del ni\u00f1o.<\/p>\n\n\n\n<p>Dylan hab\u00eda desaparecido de la superficie del r\u00edo Paran\u00e1 en la zona de los muelles de Bajada Grande. Seg\u00fan se inform\u00f3, hab\u00eda ingresado al agua a buscar una pelota de f\u00fatbol junto a otros tres ni\u00f1os que fueron rescatados por guardavidas que se encontraban en el lugar.<\/p>\n","protected":false},"excerpt":{"rendered":"<p>Hondo pesar en Paran&aacute;. El ni&ntilde;o hab&iacute;a ingresado al agua a buscar una pelota de f&uacute;tbol. Otros tres menores fueron rescatados por guardavidas. Se confirm&oacute; que fue hallado el cuerpo de Dylan Acosta de 9 a&ntilde;os, el ni&ntilde;o que hab&iacute;a desaparecido este viernes por la tarde en el r&iacute;o Paran&aacute;, en la zona de Bajada [&hellip;]<\/p>\n","protected":false},"author":2,"featured_media":11039,"comment_status":"open","ping_status":"open","sticky":false,"template":"","format":"standard","meta":{"footnotes":""},"categories":[3,8],"tags":[656,260,4350,95],"class_list":["post-11071","post","type-post","status-publish","format-standard","has-post-thumbnail","hentry","category-locales","category-policiales","tag-bajada-grande","tag-cuerpo","tag-dylan-acosta","tag-parana"],"_links":{"self":[{"href":"https:\/\/impactodenoticias.com.ar\/index.php?rest_route=\/wp\/v2\/posts\/11071","targetHints":{"allow":["GET"]}}],"collection":[{"href":"https:\/\/impactodenoticias.com.ar\/index.php?rest_route=\/wp\/v2\/posts"}],"about":[{"href":"https:\/\/impactodenoticias.com.ar\/index.php?rest_route=\/wp\/v2\/types\/post"}],"author":[{"embeddable":true,"href":"https:\/\/impactodenoticias.com.ar\/index.php?rest_route=\/wp\/v2\/users\/2"}],"replies":[{"embeddable":true,"href":"https:\/\/impactodenoticias.com.ar\/index.php?rest_route=%2Fwp%2Fv2%2Fcomments&post=11071"}],"version-history":[{"count":1,"href":"https:\/\/impactodenoticias.com.ar\/index.php?rest_route=\/wp\/v2\/posts\/11071\/revisions"}],"predecessor-version":[{"id":11072,"href":"https:\/\/impactodenoticias.com.ar\/index.php?rest_route=\/wp\/v2\/posts\/11071\/revisions\/11072"}],"wp:featuredmedia":[{"embeddable":true,"href":"https:\/\/impactodenoticias.com.ar\/index.php?rest_route=\/wp\/v2\/media\/11039"}],"wp:attachment":[{"href":"https:\/\/impactodenoticias.com.ar\/index.php?rest_route=%2Fwp%2Fv2%2Fmedia&parent=11071"}],"wp:term":[{"taxonomy":"category","embeddable":true,"href":"https:\/\/impactodenoticias.com.ar\/index.php?rest_route=%2Fwp%2Fv2%2Fcategories&post=11071"},{"taxonomy":"post_tag","embeddable":true,"href":"https:\/\/impactodenoticias.com.ar\/index.php?rest_route=%2Fwp%2Fv2%2Ftags&post=11071"}],"curies":[{"name":"wp","href":"https:\/\/api.w.org\/{rel}","templated":true}]}}