{"id":11088,"date":"2025-02-09T11:07:53","date_gmt":"2025-02-09T14:07:53","guid":{"rendered":"https:\/\/impactodenoticias.com.ar\/?p=11088"},"modified":"2025-02-09T11:07:53","modified_gmt":"2025-02-09T14:07:53","slug":"la-familia-de-dylan-agradecio-el-apoyo-que-recibio-de-la-comunidad-tras-la-terrible-noticia","status":"publish","type":"post","link":"https:\/\/impactodenoticias.com.ar\/?p=11088","title":{"rendered":"La familia de Dylan agradeci\u00f3 el apoyo que recibi\u00f3 de la comunidad tras la terrible noticia"},"content":{"rendered":"\n<p class=\"has-medium-font-size\"><strong>Pablo Fleitas, el hermano de Dylan Acosta, el nene que se ahog\u00f3 este viernes en el r\u00edo Paran\u00e1, agradeci\u00f3 a la comunidad por el apoyo. \u00abNo tengo palabras para agradecer todo el apoyo\u00bb, expres\u00f3.<\/strong><\/p>\n\n\n\n<p>La familia de Dylan Acosta, el ni\u00f1o de 9 a\u00f1os que se ahog\u00f3 este viernes en la zona de Bajada Grande en la ciudad de Paran\u00e1, agradeci\u00f3 el apoyo emocional y econ\u00f3mico que recibi\u00f3 por parte de la poblaci\u00f3n. \u201cQueremos decirle a la gente que no siga pasando plata, que ya juntamos dinero para poder despedir a mi hermanito\u201d, destac\u00f3 Pablo Fleitas.<\/p>\n\n\n\n<p>Seg\u00fan se inform\u00f3, Dylan lleg\u00f3 al lugar a pasar la tarde junto a una vecina y tres amigos m\u00e1s, entre ellos su hermano menor. Los chicos se pusieron a jugar a la pelota en la playa en la zona de Los Miradores del Borde Costero, lugar que no se encuentra habilitado para ingresar al agua. En un momento la pelota cay\u00f3 al r\u00edo y los cuatro peque\u00f1os ingresaron al agua. Los ba\u00f1eros escucharon los gritos de auxilio y pudieron rescatar a tres de ellos.<\/p>\n\n\n\n<p>El caso qued\u00f3 en manos del fiscal Mariano Budasoff, quien dispuso que se realice la autopsia de rigor.<\/p>\n\n\n\n<p>Pablo Fleita se\u00f1al\u00f3 que el velatorio de su hermano se llevar\u00e1 a cabo en la sala del cementerio municipal de Paran\u00e1 en calle Per\u00fa.<\/p>\n\n\n\n<p>\u201cEstamos m\u00e1s que agradecidos, una banda de gente nos ayud\u00f3, la verdad, y lo vamos a poder despedir bien\u201d, indic\u00f3 el joven, quien aclar\u00f3 que todav\u00eda desconocen si el velatorio es este s\u00e1bado a la noche o ma\u00f1ana domingo porque \u201cdicen que el cuerpo est\u00e1 en la morgue, todav\u00eda no lo pudimos ir a ver\u201d.<\/p>\n\n\n\n<p>Dylan era el tercero de cuatro hermanos y concurr\u00eda a la escuela N\u00ba 200 Soldado de Malvinas de Paran\u00e1.<\/p>\n\n\n\n<p>\u201cNo tengo las suficientes palabras para agradecer todo el apoyo que recibimos; en dos horas ya pudimos conseguir el dinero\u201d, cerr\u00f3 el hermano.<\/p>\n","protected":false},"excerpt":{"rendered":"<p>Pablo Fleitas, el hermano de Dylan Acosta, el nene que se ahog&oacute; este viernes en el r&iacute;o Paran&aacute;, agradeci&oacute; a la comunidad por el apoyo. &laquo;No tengo palabras para agradecer todo el apoyo&raquo;, expres&oacute;. La familia de Dylan Acosta, el ni&ntilde;o de 9 a&ntilde;os que se ahog&oacute; este viernes en la zona de Bajada Grande [&hellip;]<\/p>\n","protected":false},"author":2,"featured_media":11089,"comment_status":"open","ping_status":"open","sticky":false,"template":"","format":"standard","meta":{"footnotes":""},"categories":[3,8],"tags":[1444,4350,490,95],"class_list":["post-11088","post","type-post","status-publish","format-standard","has-post-thumbnail","hentry","category-locales","category-policiales","tag-agradecimiento","tag-dylan-acosta","tag-familiares","tag-parana"],"_links":{"self":[{"href":"https:\/\/impactodenoticias.com.ar\/index.php?rest_route=\/wp\/v2\/posts\/11088","targetHints":{"allow":["GET"]}}],"collection":[{"href":"https:\/\/impactodenoticias.com.ar\/index.php?rest_route=\/wp\/v2\/posts"}],"about":[{"href":"https:\/\/impactodenoticias.com.ar\/index.php?rest_route=\/wp\/v2\/types\/post"}],"author":[{"embeddable":true,"href":"https:\/\/impactodenoticias.com.ar\/index.php?rest_route=\/wp\/v2\/users\/2"}],"replies":[{"embeddable":true,"href":"https:\/\/impactodenoticias.com.ar\/index.php?rest_route=%2Fwp%2Fv2%2Fcomments&post=11088"}],"version-history":[{"count":1,"href":"https:\/\/impactodenoticias.com.ar\/index.php?rest_route=\/wp\/v2\/posts\/11088\/revisions"}],"predecessor-version":[{"id":11090,"href":"https:\/\/impactodenoticias.com.ar\/index.php?rest_route=\/wp\/v2\/posts\/11088\/revisions\/11090"}],"wp:featuredmedia":[{"embeddable":true,"href":"https:\/\/impactodenoticias.com.ar\/index.php?rest_route=\/wp\/v2\/media\/11089"}],"wp:attachment":[{"href":"https:\/\/impactodenoticias.com.ar\/index.php?rest_route=%2Fwp%2Fv2%2Fmedia&parent=11088"}],"wp:term":[{"taxonomy":"category","embeddable":true,"href":"https:\/\/impactodenoticias.com.ar\/index.php?rest_route=%2Fwp%2Fv2%2Fcategories&post=11088"},{"taxonomy":"post_tag","embeddable":true,"href":"https:\/\/impactodenoticias.com.ar\/index.php?rest_route=%2Fwp%2Fv2%2Ftags&post=11088"}],"curies":[{"name":"wp","href":"https:\/\/api.w.org\/{rel}","templated":true}]}}